{"id":127876,"date":"2014-07-31T08:16:54","date_gmt":"2014-07-31T08:16:54","guid":{"rendered":"http:\/\/www.fuldaer-nachrichten.de\/?p=127876"},"modified":"2014-07-31T08:16:54","modified_gmt":"2014-07-31T08:16:54","slug":"mit-hessen-fordert-korrektur-der-kalten-progression-durch-steuerbremse","status":"publish","type":"post","link":"https:\/\/www.fuldaernachrichten.de\/?p=127876","title":{"rendered":"MIT Hessen fordert Korrektur der kalten Progression  durch Steuerbremse"},"content":{"rendered":"<p>Fulda. &#8220;Die sogenannte kalte Progression ist ungerecht, belastet sowohl Arbeitnehmer als auch Arbeitgeber und muss daher abge\u00e4ndert werden&#8221;, erkl\u00e4rte der Landesvorsitzende der Mittelstands- und Wirtschaftsvereinigung Hessen MIT, Frank Hartmann, in Fulda. Die MIT Hessen begr\u00fc\u00dfe daher ausdr\u00fccklich die Pl\u00e4ne der MIT Deutschland, eine Steuerbremse einzuf\u00fchren. Ein entsprechender Antrag auf dem CDU-Bundesparteitag im Dezember werde von der MIT Hessen mit unterst\u00fctzt.<!--more--><\/p>\n<p>Als kalte Progression wird die Tatsache bezeichnet, dass trotz steigendem Gehalt weniger Nettoeinkommen \u00fcbrig bleibe. Grund hierf\u00fcr sei der progressive Steuertarif. Mit jeder nominalen Einkommenserh\u00f6hung steige auch die Steuerbelastung, und zwar st\u00e4rker als das Einkommen selbst. In Zeiten stark steigender Preise sorge dieser Effekt bei immer mehr Steuerzahlern daf\u00fcr, dass sie reale Einkommensverluste erleiden. Die kalte Progression verhindere damit f\u00fcr Arbeitnehmer ein h\u00f6heres Nettoeinkommen trotz Lohnerh\u00f6hung. Gleichzeitig gebe es vermehrte Lohnausgaben f\u00fcr die Arbeitgeber, ohne dass deren Mitarbeiter einen Vorteil hiervon h\u00e4tten. Die kalte Progression sei damit eine &#8220;heimliche Steuererh\u00f6hung&#8221;, erkl\u00e4rte Hartmann. Es m\u00fcsse mehr netto vom brutto \u00fcbrig bleiben, fordere daher die MIT Hessen.<\/p>\n<p>CDU und CSU h\u00e4tten in den letzten Jahren gefordert, die kalte Progression abzubauen. So habe die letzte Bundesregierung in der vergangenen Legislaturperiode auch einen Gesetzesentwurf im Bundesrat eingebraucht. Dieser sei aber von den SPD-gef\u00fchrten Bundesl\u00e4ndern abgelehnt worden. Notwendig sei eine automatische Anpassung des Grundfreibetrages und der Eckwerte der Steuers\u00e4tze an die Inflation. Diese Steuerbremse f\u00fchre zu mehr Steuergerechtigkeit. H\u00f6herer Lohn m\u00fcsse sich lohnen, forderte Hartmann. Deswegen unterst\u00fctze die MIT Hessen die entsprechenden Pl\u00e4ne der BundesMIT.<\/p>\n","protected":false},"excerpt":{"rendered":"<div class=\"tmnf_excerpt\"><p>Fulda. &#8220;Die sogenannte kalte Progression ist ungerecht, belastet sowohl Arbeitnehmer als auch Arbeitgeber und muss daher abge\u00e4ndert werden&#8221;, erkl\u00e4rte der Landesvorsitzende der Mittelstands- und Wirtschaftsvereinigung Hessen MIT, Frank Hartmann, in Fulda. Die MIT Hessen begr\u00fc\u00dfe daher ausdr\u00fccklich die Pl\u00e4ne der MIT Deutschland, eine Steuerbremse einzuf\u00fchren. Ein entsprechender Antrag auf dem CDU-Bundesparteitag im Dezember werde von &hellip;<\/p>\n<\/div>","protected":false},"author":1,"featured_media":0,"comment_status":"closed","ping_status":"closed","sticky":false,"template":"","format":"standard","meta":{"footnotes":""},"categories":[1,29],"tags":[],"class_list":["post-127876","post","type-post","status-publish","format-standard","hentry","category-startseite","category-politik"],"_links":{"self":[{"href":"https:\/\/www.fuldaernachrichten.de\/index.php?rest_route=\/wp\/v2\/posts\/127876","targetHints":{"allow":["GET"]}}],"collection":[{"href":"https:\/\/www.fuldaernachrichten.de\/index.php?rest_route=\/wp\/v2\/posts"}],"about":[{"href":"https:\/\/www.fuldaernachrichten.de\/index.php?rest_route=\/wp\/v2\/types\/post"}],"author":[{"embeddable":true,"href":"https:\/\/www.fuldaernachrichten.de\/index.php?rest_route=\/wp\/v2\/users\/1"}],"replies":[{"embeddable":true,"href":"https:\/\/www.fuldaernachrichten.de\/index.php?rest_route=%2Fwp%2Fv2%2Fcomments&post=127876"}],"version-history":[{"count":1,"href":"https:\/\/www.fuldaernachrichten.de\/index.php?rest_route=\/wp\/v2\/posts\/127876\/revisions"}],"predecessor-version":[{"id":127877,"href":"https:\/\/www.fuldaernachrichten.de\/index.php?rest_route=\/wp\/v2\/posts\/127876\/revisions\/127877"}],"wp:attachment":[{"href":"https:\/\/www.fuldaernachrichten.de\/index.php?rest_route=%2Fwp%2Fv2%2Fmedia&parent=127876"}],"wp:term":[{"taxonomy":"category","embeddable":true,"href":"https:\/\/www.fuldaernachrichten.de\/index.php?rest_route=%2Fwp%2Fv2%2Fcategories&post=127876"},{"taxonomy":"post_tag","embeddable":true,"href":"https:\/\/www.fuldaernachrichten.de\/index.php?rest_route=%2Fwp%2Fv2%2Ftags&post=127876"}],"curies":[{"name":"wp","href":"https:\/\/api.w.org\/{rel}","templated":true}]}}