{"id":127870,"date":"2014-07-31T08:13:43","date_gmt":"2014-07-31T08:13:43","guid":{"rendered":"http:\/\/www.fuldaer-nachrichten.de\/?p=127870"},"modified":"2014-07-31T08:13:43","modified_gmt":"2014-07-31T08:13:43","slug":"malteser-schulsanitaeter-zu-gast-bei-der-firma-hubtex","status":"publish","type":"post","link":"https:\/\/www.fuldaernachrichten.de\/?p=127870","title":{"rendered":"Malteser Schulsanit\u00e4ter zu Gast bei der Firma Hubtex"},"content":{"rendered":"<div id=\"attachment_127871\" style=\"width: 275px\" class=\"wp-caption alignleft\"><a href=\"http:\/\/www.fuldaer-nachrichten.de\/wp-content\/uploads\/2014\/07\/2014_07_30_Besuch-der-Schulsanita\u00cc\u02c6ter-Lu\u00cc\u02c6dertal-bei-Hubtex.jpg\"><img decoding=\"async\" aria-describedby=\"caption-attachment-127871\" class=\"size-thumbnail wp-image-127871\" src=\"http:\/\/www.fuldaer-nachrichten.de\/wp-content\/uploads\/2014\/07\/2014_07_30_Besuch-der-Schulsanita\u00cc\u02c6ter-Lu\u00cc\u02c6dertal-bei-Hubtex-265x137.jpg\" alt=\"Die Schulsanit\u00e4ter und Schulsanit\u00e4terinnen zu Besuch bei der Firma Hubtex, u.a. mit Malteser Referentin Brigitta Br\u00e4hler- Fischer (5.v.r.), dem kaufm\u00e4nnischen Leiter der Firma Hubtex, Marco Goldbach (4.v.r.), Ausbildungsleiterin Birgit Zink (2. v.r.).\" width=\"265\" height=\"137\" \/><\/a><p id=\"caption-attachment-127871\" class=\"wp-caption-text\">Die Schulsanit\u00e4ter und Schulsanit\u00e4terinnen zu Besuch bei der Firma Hubtex, u.a. mit Malteser Referentin Brigitta Br\u00e4hler- Fischer (5.v.r.), dem kaufm\u00e4nnischen Leiter der Firma Hubtex, Marco Goldbach (4.v.r.), Ausbildungsleiterin Birgit Zink (2. v.r.).<\/p><\/div>\n<p>Gro\u00dfenl\u00fcder. Sei drei Jahren unterst\u00fctzt die Firma Hubtex Maschinenbau GmbH und Co.KG die Ausbildung der Malteser Schulsanit\u00e4ter in der L\u00fcdertalschule in Gro\u00dfenl\u00fcder. Nun lud der kaufm\u00e4nnische Leiter der Firma Hubtex, Marco Goldbach, die 33 Jungen und M\u00e4dchen ein, um sich pers\u00f6nlich \u00fcber deren Engagement als Schulsanit\u00e4ter zu informieren. &#8220;Wie seid ihr auf diese Aufgabe vorbereitet worden?&#8221;,\u00c2\u00a0 &#8220;Musstet ihr schon einmal verletzte Sch\u00fcler versorgen?&#8221;, &#8220;Seid ihr bei einem Einsatz sehr aufgeregt?&#8221; oder &#8220;Macht euch eure Aufgabe Spa\u00df?&#8221;.<!--more--><\/p>\n<p>Marco Goldbach hatte viele Fragen an seine G\u00e4ste\u00c2\u00a0 und\u00c2\u00a0 war nach dem Gespr\u00e4ch beeindruckt. &#8220;Die jungen Leute leisten gro\u00dfartige Hilfe f\u00fcr ihre Mitsch\u00fcler und die ganze Schule. Wir unterst\u00fctzen dieses Engagement als Firma sehr gerne.&#8221;, so Goldbach.\u00c2\u00a0 Seit drei Jahren spendet die Firma Hubtex f\u00fcr die Ausbildung der Schulsanit\u00e4ter und das Sanit\u00e4tsmaterial f\u00fcr deren Eins\u00e4tze an der L\u00fcdertalschule. Nach dem Gespr\u00e4ch durften die Sch\u00fcler und Sch\u00fclerinnen in einer ganz besonderen F\u00fchrung\u00c2\u00a0 das Unternehmen Hubtex besichtigen. Neben der Ausbildungsleiterin Birgit Zink f\u00fchrte sie n\u00e4mlich auch ein ehemaliger Schulsanit\u00e4ter ihrer Schule, der heute eine Ausbildung in der Firma Hubtex absolviert.<\/p>\n<p>Und auch die Malteser Schulsanit\u00e4ter werden bald wiederkommen. Gemeinsam m\u00f6chten sie den Sanit\u00e4tsdienst zum Tag der offenen T\u00fcr in der Firma Hubtex unterst\u00fctzen.<\/p>\n","protected":false},"excerpt":{"rendered":"<div class=\"tmnf_excerpt\"><p>Gro\u00dfenl\u00fcder. Sei drei Jahren unterst\u00fctzt die Firma Hubtex Maschinenbau GmbH und Co.KG die Ausbildung der Malteser Schulsanit\u00e4ter in der L\u00fcdertalschule in Gro\u00dfenl\u00fcder. Nun lud der kaufm\u00e4nnische Leiter der Firma Hubtex, Marco Goldbach, die 33 Jungen und M\u00e4dchen ein, um sich pers\u00f6nlich \u00fcber deren Engagement als Schulsanit\u00e4ter zu informieren. &#8220;Wie seid ihr auf diese Aufgabe vorbereitet &hellip;<\/p>\n<\/div>","protected":false},"author":1,"featured_media":0,"comment_status":"closed","ping_status":"closed","sticky":false,"template":"","format":"standard","meta":{"footnotes":""},"categories":[1,51],"tags":[],"class_list":["post-127870","post","type-post","status-publish","format-standard","hentry","category-startseite","category-medizin"],"_links":{"self":[{"href":"https:\/\/www.fuldaernachrichten.de\/index.php?rest_route=\/wp\/v2\/posts\/127870","targetHints":{"allow":["GET"]}}],"collection":[{"href":"https:\/\/www.fuldaernachrichten.de\/index.php?rest_route=\/wp\/v2\/posts"}],"about":[{"href":"https:\/\/www.fuldaernachrichten.de\/index.php?rest_route=\/wp\/v2\/types\/post"}],"author":[{"embeddable":true,"href":"https:\/\/www.fuldaernachrichten.de\/index.php?rest_route=\/wp\/v2\/users\/1"}],"replies":[{"embeddable":true,"href":"https:\/\/www.fuldaernachrichten.de\/index.php?rest_route=%2Fwp%2Fv2%2Fcomments&post=127870"}],"version-history":[{"count":1,"href":"https:\/\/www.fuldaernachrichten.de\/index.php?rest_route=\/wp\/v2\/posts\/127870\/revisions"}],"predecessor-version":[{"id":127872,"href":"https:\/\/www.fuldaernachrichten.de\/index.php?rest_route=\/wp\/v2\/posts\/127870\/revisions\/127872"}],"wp:attachment":[{"href":"https:\/\/www.fuldaernachrichten.de\/index.php?rest_route=%2Fwp%2Fv2%2Fmedia&parent=127870"}],"wp:term":[{"taxonomy":"category","embeddable":true,"href":"https:\/\/www.fuldaernachrichten.de\/index.php?rest_route=%2Fwp%2Fv2%2Fcategories&post=127870"},{"taxonomy":"post_tag","embeddable":true,"href":"https:\/\/www.fuldaernachrichten.de\/index.php?rest_route=%2Fwp%2Fv2%2Ftags&post=127870"}],"curies":[{"name":"wp","href":"https:\/\/api.w.org\/{rel}","templated":true}]}}