{"id":127859,"date":"2014-07-31T00:07:35","date_gmt":"2014-07-31T00:07:35","guid":{"rendered":"http:\/\/www.fuldaer-nachrichten.de\/?p=127859"},"modified":"2014-07-31T08:24:01","modified_gmt":"2014-07-31T08:24:01","slug":"herausforderung-und-chance-fluechtlingshilfe-als-gesamtgesellschaftliche-aufgabe","status":"publish","type":"post","link":"https:\/\/www.fuldaernachrichten.de\/?p=127859","title":{"rendered":"Herausforderung und Chance \u2013 Fl\u00fcchtlingshilfe als gesamtgesellschaftliche Aufgabe"},"content":{"rendered":"<p><a href=\"http:\/\/www.fuldaer-nachrichten.de\/wp-content\/uploads\/2014\/07\/zu-59-cs_JourFixeFlu\u00cc\u02c6chtlingshilfe280714_CS_IMG_4386.jpg\"><img fetchpriority=\"high\" decoding=\"async\" class=\"alignnone size-full wp-image-127861\" src=\"http:\/\/www.fuldaer-nachrichten.de\/wp-content\/uploads\/2014\/07\/zu-59-cs_JourFixeFlu\u00cc\u02c6chtlingshilfe280714_CS_IMG_4386.jpg\" alt=\"zu 59-cs_JourFixeFlu\u00cc\u02c6chtlingshilfe280714_CS_IMG_4386\" width=\"560\" height=\"359\" \/><\/a><\/p>\n<p><strong>Fulda (cif).<\/strong>\u201eDa kommt etwas auf uns zu!\u201cDarin waren sich die vier Diskutanten auf dem Podium beim ersten \u201eJour Fixe\u201c des Caritasverbandes f\u00fcr die Di\u00f6zese Fulda zum Thema \u201eFl\u00fcchtlingshilfe\u201c einig. Der katholische Wohlfahrtsverband hatte zu dieser Veranstaltung ins Kundenzentrum der Rh\u00f6nEnergie an der Bahnhofstra\u00dfe in Fuldas City eingeladen. Das Fachgespr\u00e4ch unter Einbeziehung der rund 50 Zuh\u00f6rer war zugleich die Finissage der Caritas-Ausstellung zum Globalisierungsthema \u201eWeit weg ist n\u00e4her, als du denkst!\u201c, die w\u00e4hrend des Monats Juli im Rh\u00f6nEnergie-Haus zu sehen war.<!--more--><\/p>\n<p>Neben Di\u00f6zesan-Caritasdirektor Dr. Markus Juch waren auf dem Podium Dr. Reinhardt Asche von Amnesty International und Stefan Schunck, Hauptgesch\u00e4ftsf\u00fchrer der IHK Fulda, sowie J\u00fcrgen Stock, Leiter des Amtes f\u00fcr Arbeit und Soziales beim Landkreis Fulda. Die Gespr\u00e4chsf\u00fchrung hatte Hermann Diel vom HR-Studio Fulda, der durch seine Moderation geschickt die wesentlichen Kernpunkte sichtbar machte, bei denen allgemein Konsens herrschte: Die derzeitigen rechtlichen Rahmenbedingungen in Deutschland f\u00fcr die Fl\u00fcchtlingshilfe und die Integration der zuwandernden Menschen seien verbesserungsw\u00fcrdig. Da Deutschland auf Grund des demografischen Wandels und des Fachkr\u00e4ftemangels Einwanderer brauche, sollte man Fl\u00fcchtlinge nicht vom Arbeitsmarkt abschneiden sondern ihnen die M\u00f6glichkeit bieten, ein neues Leben aufzubauen und ihre Qualifikationen in die Gesellschaft einzubringen. Die deutsche Sprache als Verkehrssprache sei dabei ein wesentlicher Schl\u00fcssel: Die M\u00f6glichkeit f\u00fcr fr\u00fchzeitigen und intensiven Spracherwerb m\u00fcsse durch entsprechende Kurse geboten werden. Im Fr\u00fchsommer hatte es die Caritas diesbez\u00fcglich bereits vorgemacht und \u00fcber die Kreis- Volkhochschule Fulda Kurse f\u00fcr Fl\u00fcchtlinge durchf\u00fchren lassen, obgleich diesen Menschen als nicht anerkannten Asylbewerbern rechtlich solche Eingliederungshilfe gar nicht zustand.<\/p>\n<p><a href=\"http:\/\/www.fuldaer-nachrichten.de\/wp-content\/uploads\/2014\/07\/zu-59-cs_JourFixeFlu\u00cc\u02c6chtlingshilfe280714_CS_IMG_4383.jpg\"><img decoding=\"async\" class=\"alignleft size-thumbnail wp-image-127860\" src=\"http:\/\/www.fuldaer-nachrichten.de\/wp-content\/uploads\/2014\/07\/zu-59-cs_JourFixeFlu\u00cc\u02c6chtlingshilfe280714_CS_IMG_4383-265x174.jpg\" alt=\"zu 59-cs_JourFixeFlu\u00cc\u02c6chtlingshilfe280714_CS_IMG_4383\" width=\"265\" height=\"174\" \/><\/a>Ohnehin, darin waren sich gleichfalls alle Teilnehmer der Diskussionsrunde einig, sei die Dauer der Asylverfahren zu verk\u00fcrzen; es ginge nicht, die Betroffenen ein bis eineinhalb Jahre zum Nichtstun und Warten zu zwingen \u2013 Zeit, die zur Integration genutzt werden k\u00f6nne.<\/p>\n<p>Aufnahme von Fl\u00fcchtlingen kostet Geld \u2013 um diese Wahrheit komme man nicht herum. Aber, so res\u00fcmierte Markus Juch am Ende der zweist\u00fcndigen Veranstaltung, es sei gut angelegtes Geld. Die Willkommenskultur in Deutschland beginne sich bereits zu \u00e4ndern, denn man habe mittlerweile in breiten Kreisen von Politik und Gesellschaft erkannt, dass die Zuwanderung und der Fl\u00fcchtlingsstrom nicht nur Herausforderung sondern eben auch eine echte Chance f\u00fcr Deutschlands Zukunft sei. Die Caritas wird ihre Jour-Fixe-Veranstaltungsreihe mit Statements aus Fachkreisen und Diskussionsrunden zu aktuellen Sozialthemen fortsetzen.<\/p>\n","protected":false},"excerpt":{"rendered":"<div class=\"tmnf_excerpt\"><p>Fulda (cif).\u201eDa kommt etwas auf uns zu!\u201cDarin waren sich die vier Diskutanten auf dem Podium beim ersten \u201eJour Fixe\u201c des Caritasverbandes f\u00fcr die Di\u00f6zese Fulda zum Thema \u201eFl\u00fcchtlingshilfe\u201c einig. Der katholische Wohlfahrtsverband hatte zu dieser Veranstaltung ins Kundenzentrum der Rh\u00f6nEnergie an der Bahnhofstra\u00dfe in Fuldas City eingeladen. Das Fachgespr\u00e4ch unter Einbeziehung der rund 50 Zuh\u00f6rer &hellip;<\/p>\n<\/div>","protected":false},"author":1,"featured_media":0,"comment_status":"closed","ping_status":"closed","sticky":false,"template":"","format":"standard","meta":{"footnotes":""},"categories":[1,29,78],"tags":[],"class_list":["post-127859","post","type-post","status-publish","format-standard","hentry","category-startseite","category-politik","category-topthema"],"_links":{"self":[{"href":"https:\/\/www.fuldaernachrichten.de\/index.php?rest_route=\/wp\/v2\/posts\/127859","targetHints":{"allow":["GET"]}}],"collection":[{"href":"https:\/\/www.fuldaernachrichten.de\/index.php?rest_route=\/wp\/v2\/posts"}],"about":[{"href":"https:\/\/www.fuldaernachrichten.de\/index.php?rest_route=\/wp\/v2\/types\/post"}],"author":[{"embeddable":true,"href":"https:\/\/www.fuldaernachrichten.de\/index.php?rest_route=\/wp\/v2\/users\/1"}],"replies":[{"embeddable":true,"href":"https:\/\/www.fuldaernachrichten.de\/index.php?rest_route=%2Fwp%2Fv2%2Fcomments&post=127859"}],"version-history":[{"count":2,"href":"https:\/\/www.fuldaernachrichten.de\/index.php?rest_route=\/wp\/v2\/posts\/127859\/revisions"}],"predecessor-version":[{"id":127881,"href":"https:\/\/www.fuldaernachrichten.de\/index.php?rest_route=\/wp\/v2\/posts\/127859\/revisions\/127881"}],"wp:attachment":[{"href":"https:\/\/www.fuldaernachrichten.de\/index.php?rest_route=%2Fwp%2Fv2%2Fmedia&parent=127859"}],"wp:term":[{"taxonomy":"category","embeddable":true,"href":"https:\/\/www.fuldaernachrichten.de\/index.php?rest_route=%2Fwp%2Fv2%2Fcategories&post=127859"},{"taxonomy":"post_tag","embeddable":true,"href":"https:\/\/www.fuldaernachrichten.de\/index.php?rest_route=%2Fwp%2Fv2%2Ftags&post=127859"}],"curies":[{"name":"wp","href":"https:\/\/api.w.org\/{rel}","templated":true}]}}