{"id":127853,"date":"2014-07-31T08:02:18","date_gmt":"2014-07-31T08:02:18","guid":{"rendered":"http:\/\/www.fuldaer-nachrichten.de\/?p=127853"},"modified":"2014-07-31T08:02:18","modified_gmt":"2014-07-31T08:02:18","slug":"erfolgreiche-ausbildung-bei-der-stadtverwaltung","status":"publish","type":"post","link":"https:\/\/www.fuldaernachrichten.de\/?p=127853","title":{"rendered":"Erfolgreiche Ausbildung bei der Stadtverwaltung"},"content":{"rendered":"<p><a href=\"http:\/\/www.fuldaer-nachrichten.de\/wp-content\/uploads\/2014\/07\/Erfolgreiche_Ausbildung.jpg\"><img decoding=\"async\" class=\"alignleft size-thumbnail wp-image-127854\" src=\"http:\/\/www.fuldaer-nachrichten.de\/wp-content\/uploads\/2014\/07\/Erfolgreiche_Ausbildung-265x175.jpg\" alt=\"Erfolgreiche_Ausbildung\" width=\"265\" height=\"175\" srcset=\"https:\/\/www.fuldaernachrichten.de\/wp-content\/uploads\/2014\/07\/Erfolgreiche_Ausbildung-265x175.jpg 265w, https:\/\/www.fuldaernachrichten.de\/wp-content\/uploads\/2014\/07\/Erfolgreiche_Ausbildung.jpg 600w\" sizes=\"(max-width: 265px) 100vw, 265px\" \/><\/a>Fulda (hm). &#8220;Nun beginnt ein neuer Abschnitt in Ihrem Berufsleben &#8211; vielfach spannend, verantwortungsvoll, erf\u00fcllend und ab und an mit kleinen Problemen versehen&#8221;, so begr\u00fc\u00dfte Oberb\u00fcrgermeister und Personaldezernent Gerhard M\u00f6ller die &#8220;fertigen&#8221; Auszubildenden der Stadtverwaltung Fulda fr\u00fch morgens in seinem Dienstzimmer.<!--more--><\/p>\n<p><strong>Dreij\u00e4hrige Ausbildung zum Verwaltungsfachangestellten endete<\/strong><\/p>\n<p>Mit der k\u00fcrzlich erfolgreich abgelegten Pr\u00fcfung vor dem Hessischen Verwaltungsschulverband Kassel k\u00f6nnen nun Melissa Reischmann, Simon Weber und Kevin Krieger innerhalb der Stadtverwaltung Fulda verantwortliche T\u00e4tigkeiten als Verwaltungsfachangestellte wahrnehmen. OB M\u00f6ller w\u00fcnschte ihnen einen erfolgreichen und auch stets neugierigen Start innerhalb ihrer \u00fcbertragenen Arbeitsbereiche im B\u00fcrgerb\u00fcro, Schul- und Sportamt oder im Betriebsamt der Stadt.<\/p>\n<p><strong>Weiterbildung zum Verwaltungsfachwirt<\/strong><\/p>\n<p>Eine erfolgreiche zweij\u00e4hrige Weiterbildung zum Verwaltungswirt konnten Susanne Schreiber und Marco Jest\u00e4dt abschlie\u00dfen. Dieser Lehrgang vertieft insbesondere das bereits seit Jahren angewandte Verwaltungs- und Rechtswissen der Teilnehmer und stellt somit eine besondere Qualifikationsma\u00dfnahme w\u00e4hrend der t\u00e4glichen Aufgabenwahrnehmung dar.<\/p>\n<p><strong>Zuk\u00fcnftige F\u00fchrungsaufgaben \u00fcbernehmen<\/strong><\/p>\n<p>F\u00fcr &#8220;Lebenslanges Lernen&#8221; sowie die fortw\u00e4hrende Notwendigkeit der Weiterqualifizierung steht das sogenannte &#8220;F\u00fchrungskr\u00e4ftenachwuchsprogramm&#8221; von Stadt und Landkreis Fulda. Dieser Lehrgang, der ebenfalls vom Hessischen Verwaltungsschulverband in Kooperation von Stadt und Landkreis in Fulda durchgef\u00fchrt wurde, soll den Teilnehmerinnen und Teilnehmern das notwendige R\u00fcstzeug f\u00fcr die sp\u00e4terer \u00dcbernahme von F\u00fchrungsverantwortung vermitteln. Katharina Busold, Bettina Stelzner, Renate Mihm, Julia Vey, Daniel M\u00fcller und Tobias Schelkle wiesen ihr Fachwissen durch die individuelle Fertigung einer Zertifikatsarbeit mit interessanten Themenstellungen wie dem demografischen Wandel in der Verwaltung, Gesundheitsmanagement oder der Stressbew\u00e4ltigung in lesenswerter Form nach.<\/p>\n<p>Personalratsvorsitzender Richard Thonius unterstrich mit seinen Gratulationsworten an die Absolventen den nachhaltigen Bedarf an Wissensmehrung und der erh\u00f6hten Anstrengungen im Wettbewerb um die kl\u00fcgsten K\u00f6pfe. Auch die Stadtverwaltung m\u00fcsse sich in Zukunft vermehrt dem &#8220;war of talents&#8221; stellen. &#8220;Der Einsatz f\u00fcr die B\u00fcrgerschaft ist ein Dienen f\u00fcr die Menschen in Fulda. Wir k\u00f6nnen gl\u00fccklich sein, dass wir hier in der Barockstadt neben dem eigentlichen Verwalten auch noch einen Gestaltungsspielraum haben, den manch andere Kommune aufgrund der finanziellen Lage nur noch eingeschr\u00e4nkt \u00fcbernehmen kann. Nutzen Sie diesen im Sinne der Fuldaer Einwohnerschaft&#8221;, so OB M\u00f6ller abschlie\u00dfend.<\/p>\n","protected":false},"excerpt":{"rendered":"<div class=\"tmnf_excerpt\"><p>Fulda (hm). &#8220;Nun beginnt ein neuer Abschnitt in Ihrem Berufsleben &#8211; vielfach spannend, verantwortungsvoll, erf\u00fcllend und ab und an mit kleinen Problemen versehen&#8221;, so begr\u00fc\u00dfte Oberb\u00fcrgermeister und Personaldezernent Gerhard M\u00f6ller die &#8220;fertigen&#8221; Auszubildenden der Stadtverwaltung Fulda fr\u00fch morgens in seinem Dienstzimmer.<\/p>\n<\/div>","protected":false},"author":1,"featured_media":0,"comment_status":"closed","ping_status":"closed","sticky":false,"template":"","format":"standard","meta":{"footnotes":""},"categories":[1,53],"tags":[],"class_list":["post-127853","post","type-post","status-publish","format-standard","hentry","category-startseite","category-bildung"],"_links":{"self":[{"href":"https:\/\/www.fuldaernachrichten.de\/index.php?rest_route=\/wp\/v2\/posts\/127853","targetHints":{"allow":["GET"]}}],"collection":[{"href":"https:\/\/www.fuldaernachrichten.de\/index.php?rest_route=\/wp\/v2\/posts"}],"about":[{"href":"https:\/\/www.fuldaernachrichten.de\/index.php?rest_route=\/wp\/v2\/types\/post"}],"author":[{"embeddable":true,"href":"https:\/\/www.fuldaernachrichten.de\/index.php?rest_route=\/wp\/v2\/users\/1"}],"replies":[{"embeddable":true,"href":"https:\/\/www.fuldaernachrichten.de\/index.php?rest_route=%2Fwp%2Fv2%2Fcomments&post=127853"}],"version-history":[{"count":1,"href":"https:\/\/www.fuldaernachrichten.de\/index.php?rest_route=\/wp\/v2\/posts\/127853\/revisions"}],"predecessor-version":[{"id":127855,"href":"https:\/\/www.fuldaernachrichten.de\/index.php?rest_route=\/wp\/v2\/posts\/127853\/revisions\/127855"}],"wp:attachment":[{"href":"https:\/\/www.fuldaernachrichten.de\/index.php?rest_route=%2Fwp%2Fv2%2Fmedia&parent=127853"}],"wp:term":[{"taxonomy":"category","embeddable":true,"href":"https:\/\/www.fuldaernachrichten.de\/index.php?rest_route=%2Fwp%2Fv2%2Fcategories&post=127853"},{"taxonomy":"post_tag","embeddable":true,"href":"https:\/\/www.fuldaernachrichten.de\/index.php?rest_route=%2Fwp%2Fv2%2Ftags&post=127853"}],"curies":[{"name":"wp","href":"https:\/\/api.w.org\/{rel}","templated":true}]}}