{"id":12785,"date":"2008-10-15T00:27:19","date_gmt":"2008-10-14T22:27:19","guid":{"rendered":"http:\/\/www.schoene-nachrichten.de\/?p=12785"},"modified":"2008-10-14T20:01:41","modified_gmt":"2008-10-14T18:01:41","slug":"weintradition-in-fuldaer-geschichte-fest-verankert","status":"publish","type":"post","link":"https:\/\/www.fuldaernachrichten.de\/?p=12785","title":{"rendered":"Weintradition in Fuldaer Geschichte fest verankert"},"content":{"rendered":"<p><img decoding=\"async\" class=\"alignnone size-medium wp-image-12789\" title=\"081014-spaet1\" src=\"http:\/\/www.schoene-nachrichten.de\/wp-content\/uploads\/2008\/10\/081014-spaet1-90x128.jpg\" alt=\"\" hspace=\"5\" width=\"90\" height=\"128\" align=\"left\" srcset=\"https:\/\/www.fuldaernachrichten.de\/wp-content\/uploads\/2008\/10\/081014-spaet1-90x128.jpg 90w, https:\/\/www.fuldaernachrichten.de\/wp-content\/uploads\/2008\/10\/081014-spaet1.jpg 425w\" sizes=\"(max-width: 90px) 100vw, 90px\" \/><strong>Fulda. <\/strong>Dass Fulda \u00fcber eine \u00fcberregional bekannte Weinkultur verf\u00fcgt, zeigt die mittlerweile neunte Auflage des deutschen Riesling-Sp\u00e4tlese-Wettbewerbs um den Sp\u00e4tlesereiter-Pokal. \u201eDie Weintradition ist als Kulturgut ebenso in der Fuldaer Geschichte verankert wie die Pflege des barocken Ambientes\u201c, bringt es Wolfgang Wehner, der Initiator des Wettbewerbs auf den Punkt. Das Regionale Standortmarketing veranstaltet deshalb auch in diesem Jahr die Sp\u00e4tlese-Tage Fulda. Erstmals haben die Besucher an drei aufeinander folgenden Tagen die M\u00f6glichkeit, kulturelle Veranstaltungen und kulinarische Gen\u00fcsse rund um das Thema Ries-ling-Sp\u00e4tlese zu genie\u00dfen.<!--more--><strong>Orgel- und Klavierkonzert, Matinee<\/strong><\/p>\n<p>Der Veranstaltungsreigen beginnt am Freitag, 21. November 2008, um 18.00 Uhr mit einem glanzvollen Orgelkonzert im Hohen Dom zu Fulda. Domorganist Professor Hans-J\u00fcrgen Kaiser pr\u00e4sentiert den jungen Orgelvirtuosen L\u00e1szl\u00c3\u00b3 Fassang aus der ungarischen Hauptstadt Budapest und verspricht ein eindrucksvolles Klangerlebnis.<\/p>\n<p>Der Publikumspreistr\u00e4ger der PIANALE Klavierakademie gewinnt schon traditionell den Mu-sikpreis der Sp\u00e4tlese-Tage Fulda. Deshalb bildet der Klavierabend im F\u00fcrstensaal des Stadtschlosses am Samstag,  22. November 2008, um 18.00 Uhr den Abschluss der neuen Konzertreihe \u201eSchlosskonzerte Osthessen\u201c. Der Musikpreis wird verliehen von Professor Uta Weyand-Sch\u00e4fer, Gesch\u00e4ftsf\u00fchrerin der PIANALE GmbH. Anschlie\u00dfend haben die Besucher Gelegenheit zur Teilnahme am Gala-Dinner in einem der beteiligten Restaurants.<\/p>\n<p>Traditioneller H\u00f6hepunkt der Sp\u00e4tlese-Tage Fulda ist die festliche Matinee am Sonntag, 23. November 2008, um 11.00 Uhr im F\u00fcrstensaal des Stadtschlosses. Hier werden dann von Oberb\u00fcrgermeister Gerhard M\u00f6ller die Siegerweine des Riesling-Sp\u00e4tlese-Wettbewerbs pr\u00e4miert und dem Publikum zur Verk\u00f6stigung vorgestellt. Umrahmt wird die Matinee vom Duo du Salon der Bamberger Symphoniker mit Boguslaw Lewandowski (Geige) und Andreas Weimer (Klavier).<\/p>\n<p><strong>Kartenvorverkauf l\u00e4uft<\/strong><\/p>\n<p>Der offizielle Kartenvorverkauf hat am 1. Oktober 2008 begonnen. Eintrittskarten zum Preis von jeweils zw\u00f6lf Euro pro Veranstaltung sind erh\u00e4ltlich im \u00dcWAG-Kundenzentrum, bei der Hauptstelle der Sparkasse Fulda am Buttermarkt, beim Verlag Parzeller in der Gesch\u00e4ftsstel-le Am Peterstor sowie beim Tourismus- und Kongressmanagement der Stadt Fulda.<\/p>\n<p>Am Freitag, 21. November 2008, und am Samstag, 22. November 2008, k\u00f6nnen interessierte Gourmets zus\u00e4tzlich ein Restaurant-Hopping buchen. Die vier G\u00e4nge des Riesling-Sp\u00e4tlese-Men\u00fcs werden dann in vier unterschiedlichen Restaurants eingenommen. Buchungen zum Preis von 65,00 Euro pro Person nimmt das Regionale Standortmarketing, Heinrichstra\u00dfe 8, 36037 Fulda entgegen.<\/p>\n<p>Wer den Besuch der Sp\u00e4tlese-Tage Fulda mit einem Kurzurlaub in der Barockstadt verbinden m\u00f6chte, kann spezielle Riesling-Sp\u00e4tlese-Arrangements in den f\u00fcnf beteiligten Hotels, Holiday-Inn, Goldener Karpfen, Maritim, Kolpinghaus und Zum Ritter, buchen. N\u00e4here Informationen finden sich auch im Internet unter: <a href=\"http:\/\/www.spaetlese-tage-fulda.de\" target=\"_blank\">www.spaetlese-tage-fulda.de<\/a><\/p>\n","protected":false},"excerpt":{"rendered":"<div class=\"tmnf_excerpt\"><p>Fulda. Dass Fulda \u00fcber eine \u00fcberregional bekannte Weinkultur verf\u00fcgt, zeigt die mittlerweile neunte Auflage des deutschen Riesling-Sp\u00e4tlese-Wettbewerbs um den Sp\u00e4tlesereiter-Pokal. \u201eDie Weintradition ist als Kulturgut ebenso in der Fuldaer Geschichte verankert wie die Pflege des barocken Ambientes\u201c, bringt es Wolfgang Wehner, der Initiator des Wettbewerbs auf den Punkt. Das Regionale Standortmarketing veranstaltet deshalb auch in &hellip;<\/p>\n<\/div>","protected":false},"author":1,"featured_media":0,"comment_status":"closed","ping_status":"closed","sticky":false,"template":"","format":"standard","meta":{"footnotes":""},"categories":[1,37],"tags":[],"class_list":["post-12785","post","type-post","status-publish","format-standard","hentry","category-startseite","category-essen-und-trinken"],"_links":{"self":[{"href":"https:\/\/www.fuldaernachrichten.de\/index.php?rest_route=\/wp\/v2\/posts\/12785","targetHints":{"allow":["GET"]}}],"collection":[{"href":"https:\/\/www.fuldaernachrichten.de\/index.php?rest_route=\/wp\/v2\/posts"}],"about":[{"href":"https:\/\/www.fuldaernachrichten.de\/index.php?rest_route=\/wp\/v2\/types\/post"}],"author":[{"embeddable":true,"href":"https:\/\/www.fuldaernachrichten.de\/index.php?rest_route=\/wp\/v2\/users\/1"}],"replies":[{"embeddable":true,"href":"https:\/\/www.fuldaernachrichten.de\/index.php?rest_route=%2Fwp%2Fv2%2Fcomments&post=12785"}],"version-history":[{"count":0,"href":"https:\/\/www.fuldaernachrichten.de\/index.php?rest_route=\/wp\/v2\/posts\/12785\/revisions"}],"wp:attachment":[{"href":"https:\/\/www.fuldaernachrichten.de\/index.php?rest_route=%2Fwp%2Fv2%2Fmedia&parent=12785"}],"wp:term":[{"taxonomy":"category","embeddable":true,"href":"https:\/\/www.fuldaernachrichten.de\/index.php?rest_route=%2Fwp%2Fv2%2Fcategories&post=12785"},{"taxonomy":"post_tag","embeddable":true,"href":"https:\/\/www.fuldaernachrichten.de\/index.php?rest_route=%2Fwp%2Fv2%2Ftags&post=12785"}],"curies":[{"name":"wp","href":"https:\/\/api.w.org\/{rel}","templated":true}]}}