{"id":127845,"date":"2014-07-31T07:57:36","date_gmt":"2014-07-31T07:57:36","guid":{"rendered":"http:\/\/www.fuldaer-nachrichten.de\/?p=127845"},"modified":"2014-07-31T07:57:36","modified_gmt":"2014-07-31T07:57:36","slug":"zukuenftige-aerzteversorgung-und-fahrdienste","status":"publish","type":"post","link":"https:\/\/www.fuldaernachrichten.de\/?p=127845","title":{"rendered":"Zuk\u00fcnftige \u00c4rzteversorgung und Fahrdienste"},"content":{"rendered":"<div id=\"attachment_127846\" style=\"width: 275px\" class=\"wp-caption alignleft\"><a href=\"http:\/\/www.fuldaer-nachrichten.de\/wp-content\/uploads\/2014\/07\/GoerigSebaldStahl.jpg\"><img decoding=\"async\" aria-describedby=\"caption-attachment-127846\" class=\"size-thumbnail wp-image-127846\" src=\"http:\/\/www.fuldaer-nachrichten.de\/wp-content\/uploads\/2014\/07\/GoerigSebaldStahl-265x142.jpg\" alt=\"Bei der Sitzung des Kreis-Seniorenbeirats standen die Themen gesundheitliche Versorgung und Mobilit\u00e4t auf der Tagesordnung. Foto: Erich Ruhl, Pressestelle Vogelsbergkreis.\" width=\"265\" height=\"142\" srcset=\"https:\/\/www.fuldaernachrichten.de\/wp-content\/uploads\/2014\/07\/GoerigSebaldStahl-265x142.jpg 265w, https:\/\/www.fuldaernachrichten.de\/wp-content\/uploads\/2014\/07\/GoerigSebaldStahl.jpg 600w\" sizes=\"(max-width: 265px) 100vw, 265px\" \/><\/a><p id=\"caption-attachment-127846\" class=\"wp-caption-text\">Bei der Sitzung des Kreis-Seniorenbeirats standen die Themen gesundheitliche Versorgung und Mobilit\u00e4t auf der Tagesordnung. Foto: Erich Ruhl, Pressestelle Vogelsbergkreis.<\/p><\/div>\n<p>Vogelsbergkreis. Bei der j\u00fcngsten Sitzung des Kreis-Seniorenbeirats stand ein Bericht der Fachstelle &#8220;Gesundheitliche Versorgung&#8221; auf der Tagesordnung. Auch zu den Mobilit\u00e4tsprojekten im Kreis erhielten die Beiratsmitglieder aktuelle Informationen. F\u00fcr die n\u00e4chste Sitzung schlug Vorsitzender Landrat G\u00f6rig das Thema &#8220;Alter und F\u00fchrerschein&#8221; vor &#8211; der Seniorenbeirat will der Frage nachgehen, ob \u00e4ltere Menschen im Stra\u00dfenverkehr tats\u00e4chlich ein besonderes Risiko darstellen und wie man unabh\u00e4ngig vom Alter seine Fahrt\u00fcchtigkeit testen lassen kann. Dazu wird ein Fachmann der Fahrerlaubnisbeh\u00f6rde eingeladen.<!--more--><\/p>\n<p>Dr. Sigrid Stahl von der Fachstelle &#8220;Gesundheitliche Versorgung&#8221; im Vogelsbergkreis berichtete dem Kreis-Seniorenbeirat \u00fcber die erwartete Entwicklung der \u00e4rztlichen Versorgung und \u00fcber die Ma\u00dfnahmen, die ergriffen worden sind, um diesem Trend entgegen zu wirken. &#8220;Von insgesamt 72 Haus\u00e4rzten im Kreis sind heute 56 \u00e4lter als 50 Jahre. Auch wenn man nicht genau voraussagen kann, wann ein Arzt seine Praxis aufgibt, ist demnach ein hoher Wiederbesetzungsbedarf zu erwarten.&#8221;<\/p>\n<p>Die Arbeit der Fachstelle zielt darauf ab, junge engagierte Medizinerinnen und Mediziner mit verschiedenen Angeboten f\u00fcr den Vogelsbergkreis zu gewinnen. Dazu geh\u00f6rt die Ansprache von Medizinstudierenden, die ein Praktikum bei niedergelassenen Allgemeinmedizinern absolvieren k\u00f6nnen, ebenso wie das Werben f\u00fcr das praktische Jahr. Eine wesentliche S\u00e4ule zur Akquise von Medizinern stellt der Weiterbildungsverbund dar,\u00c2\u00a0 bei dem junge Mediziner ihre Facharztweiterbildung zum Allgemeinmediziner durchlaufen k\u00f6nnen. &#8220;Schon vier Weiterbildungsassistentinnen machen im Verbund ihre Facharztausbildung, ein weiterer kommt im Sp\u00e4tsommer hinzu, und es gibt schon drei neue Anfragen&#8221;, so Frau Dr. Stahl.<\/p>\n<p>Nachfragen der Beiratsmitglieder zu \u00f6rtlichen Initiativen oder geplanten \u00c4rzteh\u00e4usern und Gesundheitszentren zeigten das gro\u00dfe Interesse an dieser Thematik. &#8220;Es macht keinen Sinn, dass Gemeinden in Konkurrenz zueinander treten. Wir m\u00fcssen diese Fragen kreisweit angehen und bedarfsgerecht planen &#8211; Gemeinden \u00fcbergreifend und vielleicht auch \u00fcber Kreisgrenzen hinaus&#8221;, so Landrat G\u00f6rig.<\/p>\n<p>Matthias Sebald vom Amt f\u00fcr den l\u00e4ndlichen Raum und Daseinsvorsorge berichtete zum aktuellen Sachstand in Sachen Elektromobilit\u00e4t. In Gem\u00fcnden und Lautertal wollen B\u00fcrger demn\u00e4chst jeweils ein Elektroauto gemeinsam nutzen und Car-Sharing betreiben. In Schotten wird dem Nachbarschaftshilfeverein ein Elektroauto zur Verf\u00fcgung stehen. Aktive des Vereins k\u00f6nnen dann f\u00fcr ihre Eins\u00e4tze auf das E-Auto zur\u00fcckgreifen. Dar\u00fcber freut sich auch Erhard Habelt, Seniorenbeiratsmitglied aus Schotten und Vorsitzender des Seniorentreffs: &#8220;An zwei Tagen in der Woche soll es vom Seniorentreff eingesetzt werden, um Besucher ohne Fahrm\u00f6glichkeit abzuholen und wieder nach Hause zu bringen.&#8221;<br \/>\n________________________________<\/p>\n","protected":false},"excerpt":{"rendered":"<div class=\"tmnf_excerpt\"><p>Vogelsbergkreis. Bei der j\u00fcngsten Sitzung des Kreis-Seniorenbeirats stand ein Bericht der Fachstelle &#8220;Gesundheitliche Versorgung&#8221; auf der Tagesordnung. Auch zu den Mobilit\u00e4tsprojekten im Kreis erhielten die Beiratsmitglieder aktuelle Informationen. F\u00fcr die n\u00e4chste Sitzung schlug Vorsitzender Landrat G\u00f6rig das Thema &#8220;Alter und F\u00fchrerschein&#8221; vor &#8211; der Seniorenbeirat will der Frage nachgehen, ob \u00e4ltere Menschen im Stra\u00dfenverkehr tats\u00e4chlich &hellip;<\/p>\n<\/div>","protected":false},"author":1,"featured_media":0,"comment_status":"closed","ping_status":"closed","sticky":false,"template":"","format":"standard","meta":{"footnotes":""},"categories":[1,53],"tags":[],"class_list":["post-127845","post","type-post","status-publish","format-standard","hentry","category-startseite","category-bildung"],"_links":{"self":[{"href":"https:\/\/www.fuldaernachrichten.de\/index.php?rest_route=\/wp\/v2\/posts\/127845","targetHints":{"allow":["GET"]}}],"collection":[{"href":"https:\/\/www.fuldaernachrichten.de\/index.php?rest_route=\/wp\/v2\/posts"}],"about":[{"href":"https:\/\/www.fuldaernachrichten.de\/index.php?rest_route=\/wp\/v2\/types\/post"}],"author":[{"embeddable":true,"href":"https:\/\/www.fuldaernachrichten.de\/index.php?rest_route=\/wp\/v2\/users\/1"}],"replies":[{"embeddable":true,"href":"https:\/\/www.fuldaernachrichten.de\/index.php?rest_route=%2Fwp%2Fv2%2Fcomments&post=127845"}],"version-history":[{"count":1,"href":"https:\/\/www.fuldaernachrichten.de\/index.php?rest_route=\/wp\/v2\/posts\/127845\/revisions"}],"predecessor-version":[{"id":127847,"href":"https:\/\/www.fuldaernachrichten.de\/index.php?rest_route=\/wp\/v2\/posts\/127845\/revisions\/127847"}],"wp:attachment":[{"href":"https:\/\/www.fuldaernachrichten.de\/index.php?rest_route=%2Fwp%2Fv2%2Fmedia&parent=127845"}],"wp:term":[{"taxonomy":"category","embeddable":true,"href":"https:\/\/www.fuldaernachrichten.de\/index.php?rest_route=%2Fwp%2Fv2%2Fcategories&post=127845"},{"taxonomy":"post_tag","embeddable":true,"href":"https:\/\/www.fuldaernachrichten.de\/index.php?rest_route=%2Fwp%2Fv2%2Ftags&post=127845"}],"curies":[{"name":"wp","href":"https:\/\/api.w.org\/{rel}","templated":true}]}}