{"id":127838,"date":"2014-07-31T07:51:57","date_gmt":"2014-07-31T07:51:57","guid":{"rendered":"http:\/\/www.fuldaer-nachrichten.de\/?p=127838"},"modified":"2014-07-31T07:51:57","modified_gmt":"2014-07-31T07:51:57","slug":"awo-zertifikats-kurs-fuer-ehrenamtliche-betreuer-2","status":"publish","type":"post","link":"https:\/\/www.fuldaernachrichten.de\/?p=127838","title":{"rendered":"AWO Zertifikats-Kurs f\u00fcr ehrenamtliche Betreuer"},"content":{"rendered":"<p>Fulda. Der Arbeiterwohlfahrt Kreisverband Fulda e.V. veranstaltet ab Oktober eine kostenfreie neunteilige Schulung zur Qualifizierung von ehrenamtlichen Mitarbeiterinnen und Mitarbeitern. Die Kursteilnehmer besch\u00e4ftigen sich u.a. mit den Rechten. Pflichten und Aufgaben eines Betreuers, erhalten grunds\u00e4tzliche Informationen zu Systemen und Beratungsstellen rund um die<br \/>\nBetreuung und diskutieren mit Fachreferenten \u00fcber Krankheitsbilder und dem Umgang mit \u00c4mtern und Beh\u00f6rden. Diese Fortbildung erfolgt nach dem Curriculum der Landesarbeitsgemeinschaft der hessischen Betreuungsvereine (LAG) und ist vom hessischen Sozialministerium zertifiziert und anerkannt.<!--more--><\/p>\n<p>Der Kurs mit insgesamt neun Modulen richtet sich insbesondere an Personen, die ehrenamtlich im Bereich der gesetzlichen Betreuung t\u00e4tig sein wollen, dies bereits sind oder Vorsorgebevollm\u00e4chtigte sind. Die Teilnahme ist kostenfrei. Eine Anmeldung f\u00fcr alle Module ist unbedingt erforderlich. Die Teilnehmerzahl ist begrenzt. Die Schulungen finden immer dienstags am. 07., 14., 21. und 28. Oktober, dem 04.,11.,18. und 25. November, sowie dem 02. Dezember, jeweils ab 17:00 Uhr in der Frankfurter Stra\u00dfe 28 in Fulda statt. Anmeldungen und Erstinformationen beim AWO Betreuungsverein: Tel: 0661\/480045-32 oder E-Mail (verwaltungBV@awo-fulda.de)<\/p>\n","protected":false},"excerpt":{"rendered":"<div class=\"tmnf_excerpt\"><p>Fulda. Der Arbeiterwohlfahrt Kreisverband Fulda e.V. veranstaltet ab Oktober eine kostenfreie neunteilige Schulung zur Qualifizierung von ehrenamtlichen Mitarbeiterinnen und Mitarbeitern. Die Kursteilnehmer besch\u00e4ftigen sich u.a. mit den Rechten. Pflichten und Aufgaben eines Betreuers, erhalten grunds\u00e4tzliche Informationen zu Systemen und Beratungsstellen rund um die Betreuung und diskutieren mit Fachreferenten \u00fcber Krankheitsbilder und dem Umgang mit \u00c4mtern &hellip;<\/p>\n<\/div>","protected":false},"author":1,"featured_media":0,"comment_status":"closed","ping_status":"closed","sticky":false,"template":"","format":"standard","meta":{"footnotes":""},"categories":[1,53],"tags":[],"class_list":["post-127838","post","type-post","status-publish","format-standard","hentry","category-startseite","category-bildung"],"_links":{"self":[{"href":"https:\/\/www.fuldaernachrichten.de\/index.php?rest_route=\/wp\/v2\/posts\/127838","targetHints":{"allow":["GET"]}}],"collection":[{"href":"https:\/\/www.fuldaernachrichten.de\/index.php?rest_route=\/wp\/v2\/posts"}],"about":[{"href":"https:\/\/www.fuldaernachrichten.de\/index.php?rest_route=\/wp\/v2\/types\/post"}],"author":[{"embeddable":true,"href":"https:\/\/www.fuldaernachrichten.de\/index.php?rest_route=\/wp\/v2\/users\/1"}],"replies":[{"embeddable":true,"href":"https:\/\/www.fuldaernachrichten.de\/index.php?rest_route=%2Fwp%2Fv2%2Fcomments&post=127838"}],"version-history":[{"count":1,"href":"https:\/\/www.fuldaernachrichten.de\/index.php?rest_route=\/wp\/v2\/posts\/127838\/revisions"}],"predecessor-version":[{"id":127839,"href":"https:\/\/www.fuldaernachrichten.de\/index.php?rest_route=\/wp\/v2\/posts\/127838\/revisions\/127839"}],"wp:attachment":[{"href":"https:\/\/www.fuldaernachrichten.de\/index.php?rest_route=%2Fwp%2Fv2%2Fmedia&parent=127838"}],"wp:term":[{"taxonomy":"category","embeddable":true,"href":"https:\/\/www.fuldaernachrichten.de\/index.php?rest_route=%2Fwp%2Fv2%2Fcategories&post=127838"},{"taxonomy":"post_tag","embeddable":true,"href":"https:\/\/www.fuldaernachrichten.de\/index.php?rest_route=%2Fwp%2Fv2%2Ftags&post=127838"}],"curies":[{"name":"wp","href":"https:\/\/api.w.org\/{rel}","templated":true}]}}