{"id":127818,"date":"2014-07-30T09:32:17","date_gmt":"2014-07-30T09:32:17","guid":{"rendered":"http:\/\/www.fuldaer-nachrichten.de\/?p=127818"},"modified":"2014-07-30T09:32:17","modified_gmt":"2014-07-30T09:32:17","slug":"sechs-junge-erwachsene-legten-den-hauptschulabschluss-ab","status":"publish","type":"post","link":"https:\/\/www.fuldaernachrichten.de\/?p=127818","title":{"rendered":"Sechs junge Erwachsene legten den Hauptschulabschluss ab"},"content":{"rendered":"<p><a href=\"http:\/\/www.fuldaer-nachrichten.de\/wp-content\/uploads\/2014\/07\/HaSA-Klasse.jpg\"><img decoding=\"async\" class=\"alignleft size-thumbnail wp-image-127819\" src=\"http:\/\/www.fuldaer-nachrichten.de\/wp-content\/uploads\/2014\/07\/HaSA-Klasse-265x176.jpg\" alt=\"HaSA-Klasse\" width=\"265\" height=\"176\" srcset=\"https:\/\/www.fuldaernachrichten.de\/wp-content\/uploads\/2014\/07\/HaSA-Klasse-265x176.jpg 265w, https:\/\/www.fuldaernachrichten.de\/wp-content\/uploads\/2014\/07\/HaSA-Klasse.jpg 600w\" sizes=\"(max-width: 265px) 100vw, 265px\" \/><\/a>Fulda. Im Rahmen einer Berufsvorbereitenden Bildungsma\u00dfnahme (BvB) von Gr\u00fcmel haben sechs junge Erwachsene mit viel Einsatz ihren Hauptschulabschluss bestanden und stehen nun vor dem Schritt ins Berufsleben. Die Gruppe hatte sich bei der Gr\u00fcmel gGmbH auf die Abschlusspr\u00fcfungen vorbereitet und diese erfolgreich gemeistert. Sie bekamen bei der feierlichen Abschlussveranstaltung im Refektorium des Propsteischlosses Johannesberg ihre Zeugnisse \u00fcberreicht.<!--more--><\/p>\n<p>Die Agentur f\u00fcr Arbeit Fulda hat die BvB gef\u00f6rdert und finanziert. Fast alle jungen Menschen, die erfolgreich an der Ma\u00dfnahme teilnahmen, konnten in eine Berufsausbildung oder weiterf\u00fchrende Schulausbildung vermittelt werden. Durchschnittlich zehn Monate hatten sie sich bei der Gr\u00fcmel gGmbH in den Gewerken Hotel\/Gastst\u00e4tte\/Hauswirtschaft\/Ern\u00e4hrung, Metall, Elektro, Holz, Kosmetik\/K\u00f6rperpflege, Lager\/Handel und Gesundheit\/Soziales in Theorie und Praxis auf eine sich anschlie\u00dfende m\u00f6gliche Berufsausbildung vorbereitet. Dank der Zusammenarbeit mit den verantwortlichen Bildungsbegleitern, Ausbildern, Lehrkr\u00e4ften und einer gezielten sozialp\u00e4dagogischen Betreuung konnten sie sich in mehreren Berufsfeldern und Praktika orientieren. Den begleitenden Berufsschulunterricht erhielten sie in der Konrad-Zuse-Schule H\u00fcnfeld.<\/p>\n<p><a href=\"http:\/\/www.fuldaer-nachrichten.de\/wp-content\/uploads\/2014\/07\/Abschluss_BvB_18.07.2014_1-e1406712720685.jpg\"><img decoding=\"async\" class=\"alignleft size-thumbnail wp-image-127820\" src=\"http:\/\/www.fuldaer-nachrichten.de\/wp-content\/uploads\/2014\/07\/Abschluss_BvB_18.07.2014_1-e1406712720685-265x162.jpg\" alt=\"Abschluss_BvB_18.07.2014_1\" width=\"265\" height=\"162\" srcset=\"https:\/\/www.fuldaernachrichten.de\/wp-content\/uploads\/2014\/07\/Abschluss_BvB_18.07.2014_1-e1406712720685-265x162.jpg 265w, https:\/\/www.fuldaernachrichten.de\/wp-content\/uploads\/2014\/07\/Abschluss_BvB_18.07.2014_1-e1406712720685.jpg 591w\" sizes=\"(max-width: 265px) 100vw, 265px\" \/><\/a>Einige der Teilnehmer nutzten die M\u00f6glichkeit, im Rahmen eines Kurses ihren externen Hauptschulabschluss bei der Gr\u00fcmel gGmbH in Zusammenarbeit mit dem Staatlichen Schulamt f\u00fcr den Landkreis Fulda nachzuholen. Ohne diese BvB h\u00e4tten die jungen Erwachsenen die Schule nicht erfolgreich beenden k\u00f6nnen und st\u00fcnden ohne Abschluss vor potenziellen Arbeitgebern. Nun haben sie gute Chancen, erfolgreich ins Berufsleben zu starten. Denn alle sechs Pr\u00fcflinge bestanden die Abschlusspr\u00fcfungen, davon erlangten drei den qualifizierenden Hauptschulabschluss. Die erfolgreichen und stolzen Absolventinnen und Absolventen, die die Pr\u00fcfung f\u00fcr Nichtsch\u00fcler zum Erwerb des externen Hauptschulabschlusses erfolgreich bestanden erhielten innerhalb der Abschlussveranstaltung ihre Zeugnisse: Dennis Seidensal, Salomon Kostroch, Joachim Blomeier, Vanessa Kr\u00fcger, Manfred Speitel und Julian Latsch.<\/p>\n<p>\u201eEs war nicht immer leicht, aber ich hoffe, dass ihr euren Traumberuf gefunden habt\u201c, sagte Carsten Schulte an alle Teilnehmer gewandt. Der verantwortliche Projektleiter bei der Gr\u00fcmel gGmbH f\u00fcr den Bereich BvB erg\u00e4nzte: \u201eWas ihr an Fertigkeiten und Kompetenzen hier gelernt habt, m\u00fcsst ihr jetzt in eurer Berufsausbildung umsetzen.\u201c Er dankte seinem Team, der Konrad-Zuse-Schule H\u00fcnfeld und der Agentur f\u00fcr Arbeit Fulda f\u00fcr die konstruktive Zusammenarbeit.<\/p>\n<p>Auch Wolfgang M\u00f6ller von der Agentur f\u00fcr Arbeit Fulda gratulierte den jungen Erwachsenen. Er freute sich, dass weitgehend alle erfolgreich in eine Lehre oder auf eine weiterf\u00fchrende Schule vermittelt werden konnten, und w\u00fcnschte \u201eviel Gl\u00fcck auf der n\u00e4chsten Stufe ins Berufsleben\u201c.<\/p>\n<p>Aloysius Kalb \u00fcberbrachte die Gr\u00fc\u00dfe der Konrad-Zuse-Schule H\u00fcnfeld und \u00fcberreichte gemeinsam mit den Bildungsbegleitern die Zeugnisse der Berufsschule sowie die Teilnahmebescheinigungen und Abschlussbeurteilungen der Gr\u00fcmel gGmbH.<\/p>\n","protected":false},"excerpt":{"rendered":"<div class=\"tmnf_excerpt\"><p>Fulda. Im Rahmen einer Berufsvorbereitenden Bildungsma\u00dfnahme (BvB) von Gr\u00fcmel haben sechs junge Erwachsene mit viel Einsatz ihren Hauptschulabschluss bestanden und stehen nun vor dem Schritt ins Berufsleben. Die Gruppe hatte sich bei der Gr\u00fcmel gGmbH auf die Abschlusspr\u00fcfungen vorbereitet und diese erfolgreich gemeistert. Sie bekamen bei der feierlichen Abschlussveranstaltung im Refektorium des Propsteischlosses Johannesberg ihre &hellip;<\/p>\n<\/div>","protected":false},"author":1,"featured_media":0,"comment_status":"closed","ping_status":"closed","sticky":false,"template":"","format":"standard","meta":{"footnotes":""},"categories":[1,53],"tags":[],"class_list":["post-127818","post","type-post","status-publish","format-standard","hentry","category-startseite","category-bildung"],"_links":{"self":[{"href":"https:\/\/www.fuldaernachrichten.de\/index.php?rest_route=\/wp\/v2\/posts\/127818","targetHints":{"allow":["GET"]}}],"collection":[{"href":"https:\/\/www.fuldaernachrichten.de\/index.php?rest_route=\/wp\/v2\/posts"}],"about":[{"href":"https:\/\/www.fuldaernachrichten.de\/index.php?rest_route=\/wp\/v2\/types\/post"}],"author":[{"embeddable":true,"href":"https:\/\/www.fuldaernachrichten.de\/index.php?rest_route=\/wp\/v2\/users\/1"}],"replies":[{"embeddable":true,"href":"https:\/\/www.fuldaernachrichten.de\/index.php?rest_route=%2Fwp%2Fv2%2Fcomments&post=127818"}],"version-history":[{"count":1,"href":"https:\/\/www.fuldaernachrichten.de\/index.php?rest_route=\/wp\/v2\/posts\/127818\/revisions"}],"predecessor-version":[{"id":127821,"href":"https:\/\/www.fuldaernachrichten.de\/index.php?rest_route=\/wp\/v2\/posts\/127818\/revisions\/127821"}],"wp:attachment":[{"href":"https:\/\/www.fuldaernachrichten.de\/index.php?rest_route=%2Fwp%2Fv2%2Fmedia&parent=127818"}],"wp:term":[{"taxonomy":"category","embeddable":true,"href":"https:\/\/www.fuldaernachrichten.de\/index.php?rest_route=%2Fwp%2Fv2%2Fcategories&post=127818"},{"taxonomy":"post_tag","embeddable":true,"href":"https:\/\/www.fuldaernachrichten.de\/index.php?rest_route=%2Fwp%2Fv2%2Ftags&post=127818"}],"curies":[{"name":"wp","href":"https:\/\/api.w.org\/{rel}","templated":true}]}}