{"id":127815,"date":"2014-07-30T09:26:42","date_gmt":"2014-07-30T09:26:42","guid":{"rendered":"http:\/\/www.fuldaer-nachrichten.de\/?p=127815"},"modified":"2014-07-30T09:26:42","modified_gmt":"2014-07-30T09:26:42","slug":"erzieherinnen-unter-druck-kindergarten-leiterinnen-trafen-sich-in-kirtorf","status":"publish","type":"post","link":"https:\/\/www.fuldaernachrichten.de\/?p=127815","title":{"rendered":"Erzieherinnen unter Druck \u2013 Kindergarten-Leiterinnen trafen sich in Kirtorf"},"content":{"rendered":"<p><a href=\"http:\/\/www.fuldaer-nachrichten.de\/wp-content\/uploads\/2014\/07\/Fotolia_38570271_M.jpg\"><img decoding=\"async\" class=\"alignleft size-thumbnail wp-image-127816\" src=\"http:\/\/www.fuldaer-nachrichten.de\/wp-content\/uploads\/2014\/07\/Fotolia_38570271_M-265x176.jpg\" alt=\"Fotolia_38570271_M\" width=\"265\" height=\"176\" srcset=\"https:\/\/www.fuldaernachrichten.de\/wp-content\/uploads\/2014\/07\/Fotolia_38570271_M-265x176.jpg 265w, https:\/\/www.fuldaernachrichten.de\/wp-content\/uploads\/2014\/07\/Fotolia_38570271_M.jpg 600w\" sizes=\"(max-width: 265px) 100vw, 265px\" \/><\/a>Kirtorf. Steigende Anforderungen in Kindertageseinrichtungen erh\u00f6hen tagt\u00e4glich den Druck auf die Fachkr\u00e4fte: Neue p\u00e4dagogische Anforderungen sind in die Kita-Konzeption einzuarbeiten, verschiedene F\u00f6rderprogramme sind durchzuf\u00fchren, der Bildungsplan soll umgesetzt werden \u2013 und bei alldem sollen die Erzieherinnen und Erzieher selbstverst\u00e4ndlich jedem einzelnen Kind noch gerecht werden. \u201eDas sind p\u00e4dagogische Ziele, die im Kitaalltag nicht immer zu erf\u00fcllen sind. Denn vielerorts sind Dienstpl\u00e4ne eng bemessen und Zeiten f\u00fcr die p\u00e4dagogische Arbeit rar\u201c, stellte Claudia Pelinka von der Fachstelle f\u00fcr Kindertageseinrichtungen des Jugendamtes auf dem Leiterinnentreffen in Kirtorf die Situation dar. Erster Kreisbeigeordneter Peter Zielinski hebt die wichtige Arbeit der Fachstelle f\u00fcr Kindertageseinrichtungen hervor und geht davon aus, dass diese Form des Austauschs auch in der Zukunft fortgef\u00fchrt wird.<!--more--><\/p>\n<p>Unter fachlicher Begleitung durch Ulrike Sch\u00fctz und Annegret Schulte vom Kinderschutzbund Marburg besch\u00e4ftigten sich die beiden Mitarbeiterinnen der Fachstelle f\u00fcr Kindertageseinrichtungen des Jugendamtes gemeinsam mit \u00fcber 30 Kita-Leiterinnen aus dem Vogelsbergkreis mit dem Thema \u201e\u00fcberforderte Kolleginnen und Kollegen\u201c. \u00dcberforderung sei ein Problem, das in den letzten Jahren immer deutlicher von den Leiterinnen in ihren Einrichtungen beobachtet wird.<\/p>\n<p>Erfahrungen wurden ausgetauscht, beispielhafte Situationen analysiert und Ursachen ermittelt. Die Leiterinnen aus Kitas in kommunaler, kirchlicher und freien Tr\u00e4gerschaft erarbeiteten erste Handlungsschritte, um beruflichen Stress zu reduzieren, einer \u00dcberforderung vorzubeugen und besch\u00e4ftigten sich mit der Frage, welche Bedingungen erforderlich sind, um ein Team zu st\u00e4rken.<\/p>\n<p>T\u00e4glich warten auf die Erzieherinnen echte Herausforderungen: Es sind immer mehr verhaltensauff\u00e4llige Kinder zu betreuen, Unterdreij\u00e4hrige zu integrieren und kranke Kolleginnen oder Kollegen zu vertreten. Gef\u00fchle der Unzufriedenheit stellen sich ein, weil man den eigenen p\u00e4dagogischen Anspr\u00fcchen nicht gerecht werden kann. Dazu kommt das Sich-Ausgelaugt-F\u00fchlen, weil man seine eigenen Bed\u00fcrfnisse vernachl\u00e4ssigt. \u201eWenn dann noch private Probleme bestehen, Krankheiten auftreten oder es zu Spannungen im Team kommt, liegen die Nerven blank\u201c, erz\u00e4hlte Monika Lein von der Fachstelle f\u00fcr Kindertageseinrichtungen. In dieser qu\u00e4lenden \u00dcberforderung und Stresssituation bestehe die Gefahr, unangemessen zu reagieren und die Grenzen anderer zu verletzen \u2013 seien es die von Kindern, Eltern oder den Kollegen.<\/p>\n<p>Die Halbtagesveranstaltung in der Gleentalhalle Kirtorf stie\u00df auf gro\u00dfes Interesse. Auch Mechthild Hoffmann, Vertreterin der Fachschule f\u00fcr Sozialp\u00e4dagogik Lauterbach, und Brigitte Winkel, Fachberaterin der evangelischen Kitas, nahmen daran teil \u2013 doch die Zeit reichte bei Weitem nicht aus, um das sensible Thema abschlie\u00dfend zu bearbeiten. Auf einhelligen Wunsch der Leiterinnen werden weitere Treffen folgen, an denen m\u00f6glichst auch Vertreter der Kindergartentr\u00e4ger teilnehmen sollen.<\/p>\n","protected":false},"excerpt":{"rendered":"<div class=\"tmnf_excerpt\"><p>Kirtorf. Steigende Anforderungen in Kindertageseinrichtungen erh\u00f6hen tagt\u00e4glich den Druck auf die Fachkr\u00e4fte: Neue p\u00e4dagogische Anforderungen sind in die Kita-Konzeption einzuarbeiten, verschiedene F\u00f6rderprogramme sind durchzuf\u00fchren, der Bildungsplan soll umgesetzt werden \u2013 und bei alldem sollen die Erzieherinnen und Erzieher selbstverst\u00e4ndlich jedem einzelnen Kind noch gerecht werden. \u201eDas sind p\u00e4dagogische Ziele, die im Kitaalltag nicht immer zu &hellip;<\/p>\n<\/div>","protected":false},"author":1,"featured_media":0,"comment_status":"closed","ping_status":"closed","sticky":false,"template":"","format":"standard","meta":{"footnotes":""},"categories":[1,72],"tags":[],"class_list":["post-127815","post","type-post","status-publish","format-standard","hentry","category-startseite","category-jugend"],"_links":{"self":[{"href":"https:\/\/www.fuldaernachrichten.de\/index.php?rest_route=\/wp\/v2\/posts\/127815","targetHints":{"allow":["GET"]}}],"collection":[{"href":"https:\/\/www.fuldaernachrichten.de\/index.php?rest_route=\/wp\/v2\/posts"}],"about":[{"href":"https:\/\/www.fuldaernachrichten.de\/index.php?rest_route=\/wp\/v2\/types\/post"}],"author":[{"embeddable":true,"href":"https:\/\/www.fuldaernachrichten.de\/index.php?rest_route=\/wp\/v2\/users\/1"}],"replies":[{"embeddable":true,"href":"https:\/\/www.fuldaernachrichten.de\/index.php?rest_route=%2Fwp%2Fv2%2Fcomments&post=127815"}],"version-history":[{"count":1,"href":"https:\/\/www.fuldaernachrichten.de\/index.php?rest_route=\/wp\/v2\/posts\/127815\/revisions"}],"predecessor-version":[{"id":127817,"href":"https:\/\/www.fuldaernachrichten.de\/index.php?rest_route=\/wp\/v2\/posts\/127815\/revisions\/127817"}],"wp:attachment":[{"href":"https:\/\/www.fuldaernachrichten.de\/index.php?rest_route=%2Fwp%2Fv2%2Fmedia&parent=127815"}],"wp:term":[{"taxonomy":"category","embeddable":true,"href":"https:\/\/www.fuldaernachrichten.de\/index.php?rest_route=%2Fwp%2Fv2%2Fcategories&post=127815"},{"taxonomy":"post_tag","embeddable":true,"href":"https:\/\/www.fuldaernachrichten.de\/index.php?rest_route=%2Fwp%2Fv2%2Ftags&post=127815"}],"curies":[{"name":"wp","href":"https:\/\/api.w.org\/{rel}","templated":true}]}}