{"id":127807,"date":"2014-07-30T09:15:15","date_gmt":"2014-07-30T09:15:15","guid":{"rendered":"http:\/\/www.fuldaer-nachrichten.de\/?p=127807"},"modified":"2014-07-30T09:15:15","modified_gmt":"2014-07-30T09:15:15","slug":"caritas-seniorenreisen-zu-naeheren-zielen-in-rhoen-und-odenwald","status":"publish","type":"post","link":"https:\/\/www.fuldaernachrichten.de\/?p=127807","title":{"rendered":"Caritas-Seniorenreisen zu n\u00e4heren Zielen in Rh\u00f6n und Odenwald"},"content":{"rendered":"<p>Fulda (cif).Noch einige Pl\u00e4tze bietet die Caritas bei ihren Seniorenreisen nach Bad Bocklet in der bayrischen Rh\u00f6n vom 25. August bis 3. September sowie nach Bad K\u00f6nig im Odenwald vom 6. Bis 12. September an. Caritas-Seniorenreisen und -freizeiten sind in Bezug auf die Zielauswahl und die gew\u00e4hlten Gasth\u00e4user speziell auf die Bed\u00fcrfnisse von \u00e4lteren Menschen zugeschnitten, die gerne noch verreisen, aber die individuelle Reiseorganisation scheuen und auch gerne Betreuung w\u00e4hrend der Reise erfahren. Deshalb begleitet immer eine Caritas-Ansprechpartnerin die Aufenthalte der Senioren am Urlaubsort.<!--more--><\/p>\n<p>Bei den Fahrten nach Bad Bocklet wie auch nach Bad K\u00f6nig steht die Erholung in einem ruhige, kleinen Kurort mit der landschaftlich reizvollen Umgebung eines Mittelgebirges im Vordergrund. Die ausgesuchten Quartiere liegen unmittelbar am Rande der Kuranlagen. Von Fulda steuert jeweils ein Bus die Ziele an und bringt die Reisegruppen auch wieder nach Hause. Zustiege unterwegs k\u00f6nnen bei Bedarf eingerichtet werden. Notwendige Pflege am Ferienort kann \u00fcber die lokalen Sozialstationen organisiert werden.<\/p>\n<p>Interessierte erhalten unverbindlich Auskunft beim Caritasverband f\u00fcr die Di\u00f6zese Fulda, Wilhelmstr. 2, 36037 Fulda, Tel. 0661 \/ 2428-131, Fax -112, per E-Mail: monika.kuhnke@caritas-fulda.de.<\/p>\n","protected":false},"excerpt":{"rendered":"<div class=\"tmnf_excerpt\"><p>Fulda (cif).Noch einige Pl\u00e4tze bietet die Caritas bei ihren Seniorenreisen nach Bad Bocklet in der bayrischen Rh\u00f6n vom 25. August bis 3. September sowie nach Bad K\u00f6nig im Odenwald vom 6. Bis 12. September an. Caritas-Seniorenreisen und -freizeiten sind in Bezug auf die Zielauswahl und die gew\u00e4hlten Gasth\u00e4user speziell auf die Bed\u00fcrfnisse von \u00e4lteren Menschen &hellip;<\/p>\n<\/div>","protected":false},"author":1,"featured_media":0,"comment_status":"closed","ping_status":"closed","sticky":false,"template":"","format":"standard","meta":{"footnotes":""},"categories":[1,52],"tags":[],"class_list":["post-127807","post","type-post","status-publish","format-standard","hentry","category-startseite","category-umwelt"],"_links":{"self":[{"href":"https:\/\/www.fuldaernachrichten.de\/index.php?rest_route=\/wp\/v2\/posts\/127807","targetHints":{"allow":["GET"]}}],"collection":[{"href":"https:\/\/www.fuldaernachrichten.de\/index.php?rest_route=\/wp\/v2\/posts"}],"about":[{"href":"https:\/\/www.fuldaernachrichten.de\/index.php?rest_route=\/wp\/v2\/types\/post"}],"author":[{"embeddable":true,"href":"https:\/\/www.fuldaernachrichten.de\/index.php?rest_route=\/wp\/v2\/users\/1"}],"replies":[{"embeddable":true,"href":"https:\/\/www.fuldaernachrichten.de\/index.php?rest_route=%2Fwp%2Fv2%2Fcomments&post=127807"}],"version-history":[{"count":1,"href":"https:\/\/www.fuldaernachrichten.de\/index.php?rest_route=\/wp\/v2\/posts\/127807\/revisions"}],"predecessor-version":[{"id":127808,"href":"https:\/\/www.fuldaernachrichten.de\/index.php?rest_route=\/wp\/v2\/posts\/127807\/revisions\/127808"}],"wp:attachment":[{"href":"https:\/\/www.fuldaernachrichten.de\/index.php?rest_route=%2Fwp%2Fv2%2Fmedia&parent=127807"}],"wp:term":[{"taxonomy":"category","embeddable":true,"href":"https:\/\/www.fuldaernachrichten.de\/index.php?rest_route=%2Fwp%2Fv2%2Fcategories&post=127807"},{"taxonomy":"post_tag","embeddable":true,"href":"https:\/\/www.fuldaernachrichten.de\/index.php?rest_route=%2Fwp%2Fv2%2Ftags&post=127807"}],"curies":[{"name":"wp","href":"https:\/\/api.w.org\/{rel}","templated":true}]}}