{"id":127795,"date":"2014-07-30T09:02:50","date_gmt":"2014-07-30T09:02:50","guid":{"rendered":"http:\/\/www.fuldaer-nachrichten.de\/?p=127795"},"modified":"2014-07-30T09:02:50","modified_gmt":"2014-07-30T09:02:50","slug":"frischer-wind-mit-sinfonischer-blasmusik","status":"publish","type":"post","link":"https:\/\/www.fuldaernachrichten.de\/?p=127795","title":{"rendered":"Frischer Wind mit sinfonischer Blasmusik"},"content":{"rendered":"<p>H\u00fcnfeld. Auf ein besonderes Konzert d\u00fcrfen sich Freunde der Konzerte im Park am Sonntag, 3. August, ab 16 Uhr im Wella Pavillion freuen. Erstmals ist das sinfonische Orchester \u201eOsthessen Symphonic Winds\u201c mit Werken verschiedener Komponisten zu h\u00f6ren. Dazu geh\u00f6ren Solost\u00fccke ebenso wie Filmmusiken, Musicalproduktionen und klassische Werke. Das sinfonische Orchester ist ein selbst\u00e4ndiges Orchester des Musikvereins Steinau-Steinhaus und wird durch Martin B\u00f6hm und Hanna Faulstich geleitet, die ganz konzertanter aber auch dynamischer Musik mit Blasorchester verschrieben haben.<\/p>\n","protected":false},"excerpt":{"rendered":"<div class=\"tmnf_excerpt\"><p>H\u00fcnfeld. Auf ein besonderes Konzert d\u00fcrfen sich Freunde der Konzerte im Park am Sonntag, 3. August, ab 16 Uhr im Wella Pavillion freuen. Erstmals ist das sinfonische Orchester \u201eOsthessen Symphonic Winds\u201c mit Werken verschiedener Komponisten zu h\u00f6ren. Dazu geh\u00f6ren Solost\u00fccke ebenso wie Filmmusiken, Musicalproduktionen und klassische Werke. Das sinfonische Orchester ist ein selbst\u00e4ndiges Orchester des &hellip;<\/p>\n<\/div>","protected":false},"author":1,"featured_media":0,"comment_status":"closed","ping_status":"closed","sticky":false,"template":"","format":"standard","meta":{"footnotes":""},"categories":[1,44],"tags":[],"class_list":["post-127795","post","type-post","status-publish","format-standard","hentry","category-startseite","category-kultur"],"_links":{"self":[{"href":"https:\/\/www.fuldaernachrichten.de\/index.php?rest_route=\/wp\/v2\/posts\/127795","targetHints":{"allow":["GET"]}}],"collection":[{"href":"https:\/\/www.fuldaernachrichten.de\/index.php?rest_route=\/wp\/v2\/posts"}],"about":[{"href":"https:\/\/www.fuldaernachrichten.de\/index.php?rest_route=\/wp\/v2\/types\/post"}],"author":[{"embeddable":true,"href":"https:\/\/www.fuldaernachrichten.de\/index.php?rest_route=\/wp\/v2\/users\/1"}],"replies":[{"embeddable":true,"href":"https:\/\/www.fuldaernachrichten.de\/index.php?rest_route=%2Fwp%2Fv2%2Fcomments&post=127795"}],"version-history":[{"count":1,"href":"https:\/\/www.fuldaernachrichten.de\/index.php?rest_route=\/wp\/v2\/posts\/127795\/revisions"}],"predecessor-version":[{"id":127796,"href":"https:\/\/www.fuldaernachrichten.de\/index.php?rest_route=\/wp\/v2\/posts\/127795\/revisions\/127796"}],"wp:attachment":[{"href":"https:\/\/www.fuldaernachrichten.de\/index.php?rest_route=%2Fwp%2Fv2%2Fmedia&parent=127795"}],"wp:term":[{"taxonomy":"category","embeddable":true,"href":"https:\/\/www.fuldaernachrichten.de\/index.php?rest_route=%2Fwp%2Fv2%2Fcategories&post=127795"},{"taxonomy":"post_tag","embeddable":true,"href":"https:\/\/www.fuldaernachrichten.de\/index.php?rest_route=%2Fwp%2Fv2%2Ftags&post=127795"}],"curies":[{"name":"wp","href":"https:\/\/api.w.org\/{rel}","templated":true}]}}