{"id":127793,"date":"2014-07-30T09:01:53","date_gmt":"2014-07-30T09:01:53","guid":{"rendered":"http:\/\/www.fuldaer-nachrichten.de\/?p=127793"},"modified":"2014-07-30T09:01:53","modified_gmt":"2014-07-30T09:01:53","slug":"huenfelder-senioren-reisen-an-den-edersee","status":"publish","type":"post","link":"https:\/\/www.fuldaernachrichten.de\/?p=127793","title":{"rendered":"H\u00fcnfelder Senioren reisen  an den Edersee"},"content":{"rendered":"<p><strong>H\u00fcnfeld. <\/strong> Die diesj\u00e4hrige Interkommunale Seniorenfahrt der Stadt H\u00fcnfeld f\u00fchrt am Donnerstag, 11. September, an den Edersee. Karten k\u00f6nnen ab Montag, 4. August, im B\u00fcrgerb\u00fcro der Stadt H\u00fcnfeld sowie bei allen Ortsvorstehern erworben werden, teilt B\u00fcrgermeister Stefan Schwenk mit. Eingeladen zu dieser Seniorenfahrt sind auch \u00e4ltere Mitb\u00fcrger aus den Nachbargemeinden N\u00fcsttal, Burghaun und Rasdorf, die Fahrtkarten bei ihren jeweiligen Gemeindeverwaltungen erwerben k\u00f6nnen.<!--more--><\/p>\n<p>Aus organisatorischen Gr\u00fcnden k\u00f6nnen Karten in den H\u00fcnfelder Stadtteilen nur bis zum 28. August bei den jeweiligen Ortsvorstehern erworben werden. Danach gibt es nur noch Karten im B\u00fcrgerb\u00fcro im Rathaus. Auf dem Programm der Interkommunalen Seniorenfahrt stehen unter anderen eine F\u00fchrung auf der Staumauer, eine Besichtigung von Schloss Waldeck, eine Schiffsrundfahrt auf dem Edersee mit Mittagessen, Tombola und Ehrung der \u00e4ltesten Teilnehmer sowie ein Besuch der historischen Stadt Fritzlar. Zum Abschluss treffen sich alle Teilnehmer dann um 18.30 Uhr zu einem rustikalen B\u00fcffet im Alten Lokschuppen in H\u00fcnfeld.<\/p>\n","protected":false},"excerpt":{"rendered":"<div class=\"tmnf_excerpt\"><p>H\u00fcnfeld. Die diesj\u00e4hrige Interkommunale Seniorenfahrt der Stadt H\u00fcnfeld f\u00fchrt am Donnerstag, 11. September, an den Edersee. Karten k\u00f6nnen ab Montag, 4. August, im B\u00fcrgerb\u00fcro der Stadt H\u00fcnfeld sowie bei allen Ortsvorstehern erworben werden, teilt B\u00fcrgermeister Stefan Schwenk mit. Eingeladen zu dieser Seniorenfahrt sind auch \u00e4ltere Mitb\u00fcrger aus den Nachbargemeinden N\u00fcsttal, Burghaun und Rasdorf, die Fahrtkarten &hellip;<\/p>\n<\/div>","protected":false},"author":1,"featured_media":0,"comment_status":"closed","ping_status":"closed","sticky":false,"template":"","format":"standard","meta":{"footnotes":""},"categories":[1,44],"tags":[],"class_list":["post-127793","post","type-post","status-publish","format-standard","hentry","category-startseite","category-kultur"],"_links":{"self":[{"href":"https:\/\/www.fuldaernachrichten.de\/index.php?rest_route=\/wp\/v2\/posts\/127793","targetHints":{"allow":["GET"]}}],"collection":[{"href":"https:\/\/www.fuldaernachrichten.de\/index.php?rest_route=\/wp\/v2\/posts"}],"about":[{"href":"https:\/\/www.fuldaernachrichten.de\/index.php?rest_route=\/wp\/v2\/types\/post"}],"author":[{"embeddable":true,"href":"https:\/\/www.fuldaernachrichten.de\/index.php?rest_route=\/wp\/v2\/users\/1"}],"replies":[{"embeddable":true,"href":"https:\/\/www.fuldaernachrichten.de\/index.php?rest_route=%2Fwp%2Fv2%2Fcomments&post=127793"}],"version-history":[{"count":1,"href":"https:\/\/www.fuldaernachrichten.de\/index.php?rest_route=\/wp\/v2\/posts\/127793\/revisions"}],"predecessor-version":[{"id":127794,"href":"https:\/\/www.fuldaernachrichten.de\/index.php?rest_route=\/wp\/v2\/posts\/127793\/revisions\/127794"}],"wp:attachment":[{"href":"https:\/\/www.fuldaernachrichten.de\/index.php?rest_route=%2Fwp%2Fv2%2Fmedia&parent=127793"}],"wp:term":[{"taxonomy":"category","embeddable":true,"href":"https:\/\/www.fuldaernachrichten.de\/index.php?rest_route=%2Fwp%2Fv2%2Fcategories&post=127793"},{"taxonomy":"post_tag","embeddable":true,"href":"https:\/\/www.fuldaernachrichten.de\/index.php?rest_route=%2Fwp%2Fv2%2Ftags&post=127793"}],"curies":[{"name":"wp","href":"https:\/\/api.w.org\/{rel}","templated":true}]}}