{"id":12777,"date":"2008-10-15T00:45:17","date_gmt":"2008-10-14T22:45:17","guid":{"rendered":"http:\/\/www.schoene-nachrichten.de\/?p=12777"},"modified":"2008-10-14T20:05:08","modified_gmt":"2008-10-14T18:05:08","slug":"kinder-malen-im-klinikum-zur-aktion-saubere-haende","status":"publish","type":"post","link":"https:\/\/www.fuldaernachrichten.de\/?p=12777","title":{"rendered":"Kinder malen im Klinikum zur \u201eAktion saubere H\u00e4nde\u201c"},"content":{"rendered":"<p><strong>Fulda.<\/strong> Am heutigen Mittwoch malen Kinder der Kindergartenst\u00e4tte St. Pius sowie die Patienten der Klinik f\u00fcr Kinder- und Jugendmedizin, von 09.00 bis 17.00 Uhr in der Eingangshalle des Klinikums Fulda. Die Aktion steht unter dem Motto \u201eWarum sind saubere H\u00e4nde im Krankenhaus wichtig?\u201c.<!--more--><br \/>\nBetreut wird die Malaktion von den Mitarbeiterinnen und Mitarbeitern der Abteilung f\u00fcr Krankenhaushygiene des Klinikums. Sie ist Teil der am 22.10.2008 stattfindenden nationalen \u201eAktion saubere H\u00e4nde\u201c, zur Verbesserung des H\u00e4ndedesinfektionsverhaltens in deutschen Krankenh\u00e4usern. Die Kampagne wird vom Bundesministerium f\u00fcr Gesundheit gef\u00f6rdert und steht unter der Schirmherrschaft von der Bundesgesundheitsministerin Ulla Schmidt. Ziel ist es, bis zum Jahre 2010 die H\u00e4ndedesinfektion als einen Schwerpunkt f\u00fcr mehr Qualit\u00e4t und Sicherheit in der Patientenversorgung in den Krankenh\u00e4usern in Deutschland zu etablieren.<\/p>\n<p>Die Bilder der kleinen K\u00fcnstler k\u00f6nnen  bis einschlie\u00dflich zum offiziellen Aktionstag am 22.10.2008, in der Eingangshalle besichtigt werden.<\/p>\n","protected":false},"excerpt":{"rendered":"<div class=\"tmnf_excerpt\"><p>Fulda. Am heutigen Mittwoch malen Kinder der Kindergartenst\u00e4tte St. Pius sowie die Patienten der Klinik f\u00fcr Kinder- und Jugendmedizin, von 09.00 bis 17.00 Uhr in der Eingangshalle des Klinikums Fulda. Die Aktion steht unter dem Motto \u201eWarum sind saubere H\u00e4nde im Krankenhaus wichtig?\u201c.<\/p>\n<\/div>","protected":false},"author":1,"featured_media":0,"comment_status":"closed","ping_status":"closed","sticky":false,"template":"","format":"standard","meta":{"footnotes":""},"categories":[1,72],"tags":[],"class_list":["post-12777","post","type-post","status-publish","format-standard","hentry","category-startseite","category-jugend"],"_links":{"self":[{"href":"https:\/\/www.fuldaernachrichten.de\/index.php?rest_route=\/wp\/v2\/posts\/12777","targetHints":{"allow":["GET"]}}],"collection":[{"href":"https:\/\/www.fuldaernachrichten.de\/index.php?rest_route=\/wp\/v2\/posts"}],"about":[{"href":"https:\/\/www.fuldaernachrichten.de\/index.php?rest_route=\/wp\/v2\/types\/post"}],"author":[{"embeddable":true,"href":"https:\/\/www.fuldaernachrichten.de\/index.php?rest_route=\/wp\/v2\/users\/1"}],"replies":[{"embeddable":true,"href":"https:\/\/www.fuldaernachrichten.de\/index.php?rest_route=%2Fwp%2Fv2%2Fcomments&post=12777"}],"version-history":[{"count":0,"href":"https:\/\/www.fuldaernachrichten.de\/index.php?rest_route=\/wp\/v2\/posts\/12777\/revisions"}],"wp:attachment":[{"href":"https:\/\/www.fuldaernachrichten.de\/index.php?rest_route=%2Fwp%2Fv2%2Fmedia&parent=12777"}],"wp:term":[{"taxonomy":"category","embeddable":true,"href":"https:\/\/www.fuldaernachrichten.de\/index.php?rest_route=%2Fwp%2Fv2%2Fcategories&post=12777"},{"taxonomy":"post_tag","embeddable":true,"href":"https:\/\/www.fuldaernachrichten.de\/index.php?rest_route=%2Fwp%2Fv2%2Ftags&post=12777"}],"curies":[{"name":"wp","href":"https:\/\/api.w.org\/{rel}","templated":true}]}}