{"id":127765,"date":"2014-07-29T00:06:08","date_gmt":"2014-07-29T00:06:08","guid":{"rendered":"http:\/\/www.fuldaer-nachrichten.de\/?p=127765"},"modified":"2014-07-29T06:09:39","modified_gmt":"2014-07-29T06:09:39","slug":"20-000-euro-startkapital-fuer-fachkraefte-entwicklung-edwork-und-bbz-mitte-schliessen-kooperationsvertrag-fuer-weiterbildungen","status":"publish","type":"post","link":"https:\/\/www.fuldaernachrichten.de\/?p=127765","title":{"rendered":"20 000 Euro Startkapital f\u00fcr Fachkr\u00e4fte-Entwicklung &#8211; Edwork und BBZ Mitte schlie\u00dfen Kooperationsvertrag f\u00fcr Weiterbildungen"},"content":{"rendered":"<p><a href=\"http:\/\/www.fuldaer-nachrichten.de\/wp-content\/uploads\/2014\/07\/Edwork-und-BBZ-Mitte.jpg\"><img fetchpriority=\"high\" decoding=\"async\" class=\"alignnone size-full wp-image-127766\" src=\"http:\/\/www.fuldaer-nachrichten.de\/wp-content\/uploads\/2014\/07\/Edwork-und-BBZ-Mitte.jpg\" alt=\"Edwork und BBZ Mitte\" width=\"560\" height=\"400\" \/><\/a><\/p>\n<p>Fulda. In Mitarbeiter zu investieren, Weiterbildungen zu finanzieren \u2013 das ist heute in vielen Unternehmen bereits an der Tagesordnung. Wenn ein Personaldienstleister diesen Schritt geht, ist dies eine Besonderheit. F\u00fcr das Team von Edwork mit Sitz in Fulda ein folgerichtiger Schritt, der jetzt mit der Unterzeichnung eines Kooperationsvertrages mit dem Bildungsdienstleister BBZ Mitte besiegelt wurde. \u201eBei uns stellen sich Menschen vor, die in ihrem Beruf erfolgreich waren, aber heute nicht mehr den modernen Erfordernissen des Marktes entsprechen und so in vielen Unternehmen durch das geforderte Raster fallen. Hier m\u00f6chten wir in Vorleistung gehen und diese Personen weiterbilden.\u201c Ralph Burkhardt als Edwork-Gesch\u00e4ftsf\u00fchrer sieht ein gro\u00dfes Potential an Arbeitskr\u00e4ften, die mit einer entsprechenden Weiterbildung direkt vermittelt werden k\u00f6nnten. Als Partner steht der Bildungsdienstleister der Region, das BBZ Mitte, mit seinen beiden Gesch\u00e4ftsf\u00fchrern Stefan Jehn und Stephan Kraus an der Spitze zur Verf\u00fcgung. Mit einer Anschub-Finanzierung in H\u00f6he von 20 000 Euro werden im Auftrag der Edwork die ersten Interessenten im BBZ Mitte geschult und anschlie\u00dfend vermittelt.<!--more--><\/p>\n<p>Auf entsprechende Nachfrage durch Edwork kundenspezifisch flexibel und schnell zu reagieren, daf\u00fcr ist das BBZ Mitte Garant: \u201eWir bilden ein breites Portfolio ab. Facharbeiter, denen lediglich eine Teilqualifikation fehlt, k\u00f6nnen umgehend in unseren Werkst\u00e4tten \u2013 auch in kleinen Gruppen &#8211; geschult werden.\u201c Nach eingehenden Gespr\u00e4chen erfolgt die Schulung und im Anschluss der Einsatz. Dass diese Kooperation und die damit verbundene Finanzspritze von Edwork eine Signalwirkung f\u00fcr die Region bietet, dass erhoffen sich die Partner: \u201eUnternehmen, die auf staatliche F\u00f6rderung hoffen oder auf den steinigen Weg der Mitarbeitersuche im Ausland setzen, sollten zuerst einmal hier bei uns vor Ort schauen und im Inland investieren \u2013 manchmal fehlt ein einzelnes Modul bei einem Facharbeiter, hier k\u00f6nnen passgenaue Konzepte entwickelt werden\u201c, ist Stefan Jehn \u00fcberzeugt. Eigene Mittel zu investieren, um den passgenauen Mitarbeiter zu entwickeln, k\u00f6nnte Vorbild f\u00fcr viele weitere Unternehmen sein, die, so erhofft es sich Ralph Burkhardt, mit Edwork im Schulterschluss zusammenarbeiten k\u00f6nnten. \u201eDer Arbeitsmarkt sucht entsprechende Fachkr\u00e4fte, die den modernen, technologischen Anforderungen gerecht werden, hier besteht gro\u00dfer Schulungsbedarf. Wir suchen daher im Raum Fulda Unternehmen, die \u00e4hnliche Wege wie wir gehen, mit denen wir m\u00f6glicherweise Weiterbildungen gemeinsam umsetzen k\u00f6nnen oder diese Weiterbildung im Auftrag der Unternehmen initiieren.\u201c<\/p>\n<p>Und Stefan Jehn verdeutlicht: \u201eMitarbeiter finden und binden l\u00e4sst sich heutzutage nicht mehr von entwickeln abkoppeln.\u201c \u00dcbrigens: Wenn dieses Pilotprojekt erfolgreich mit Vermittlung der entsprechenden Fachkr\u00e4fte abgeschlossen werden kann, ist es keine Frage, dass die Kooperation eine Fortsetzung findet.<\/p>\n<p>Die Edwork GmbH &amp; Co.KG ist ein deutschlandweit t\u00e4tiges Serviceunternehmen f\u00fcr Personaldienstleistungen und ein Tochterunternehmen der 7S Group GmbH. Mit mehr als 1 500 Mitarbeitern ist Edwork langj\u00e4hrig erfahrener Experte f\u00fcr Planung, Organisation und Steuerung personeller Projekte.<\/p>\n<p>BU: Bauen auf Fachkr\u00e4fte-Entwicklung und eine Signalwirkung f\u00fcr weitere Unternehmen in der Region: BBZ Mitte-Gesch\u00e4ftsf\u00fchrer Stephan Kraus mit Edwork-Gesch\u00e4ftsf\u00fchrer Ralph Burkhardt und Stefan Jehn vom BBZ Mitte (von links).<\/p>\n<p><a href=\"http:\/\/www.bbz-mitte.de\">www.bbz-mitte.de<br \/>\n<\/a><a href=\"http:\/\/www.edwork.de\">www.edwork.de<\/a><\/p>\n<p>&nbsp;<\/p>\n","protected":false},"excerpt":{"rendered":"<div class=\"tmnf_excerpt\"><p>Fulda. In Mitarbeiter zu investieren, Weiterbildungen zu finanzieren \u2013 das ist heute in vielen Unternehmen bereits an der Tagesordnung. Wenn ein Personaldienstleister diesen Schritt geht, ist dies eine Besonderheit. F\u00fcr das Team von Edwork mit Sitz in Fulda ein folgerichtiger Schritt, der jetzt mit der Unterzeichnung eines Kooperationsvertrages mit dem Bildungsdienstleister BBZ Mitte besiegelt wurde. &hellip;<\/p>\n<\/div>","protected":false},"author":1,"featured_media":0,"comment_status":"closed","ping_status":"closed","sticky":false,"template":"","format":"standard","meta":{"footnotes":""},"categories":[1,53,78],"tags":[],"class_list":["post-127765","post","type-post","status-publish","format-standard","hentry","category-startseite","category-bildung","category-topthema"],"_links":{"self":[{"href":"https:\/\/www.fuldaernachrichten.de\/index.php?rest_route=\/wp\/v2\/posts\/127765","targetHints":{"allow":["GET"]}}],"collection":[{"href":"https:\/\/www.fuldaernachrichten.de\/index.php?rest_route=\/wp\/v2\/posts"}],"about":[{"href":"https:\/\/www.fuldaernachrichten.de\/index.php?rest_route=\/wp\/v2\/types\/post"}],"author":[{"embeddable":true,"href":"https:\/\/www.fuldaernachrichten.de\/index.php?rest_route=\/wp\/v2\/users\/1"}],"replies":[{"embeddable":true,"href":"https:\/\/www.fuldaernachrichten.de\/index.php?rest_route=%2Fwp%2Fv2%2Fcomments&post=127765"}],"version-history":[{"count":1,"href":"https:\/\/www.fuldaernachrichten.de\/index.php?rest_route=\/wp\/v2\/posts\/127765\/revisions"}],"predecessor-version":[{"id":127767,"href":"https:\/\/www.fuldaernachrichten.de\/index.php?rest_route=\/wp\/v2\/posts\/127765\/revisions\/127767"}],"wp:attachment":[{"href":"https:\/\/www.fuldaernachrichten.de\/index.php?rest_route=%2Fwp%2Fv2%2Fmedia&parent=127765"}],"wp:term":[{"taxonomy":"category","embeddable":true,"href":"https:\/\/www.fuldaernachrichten.de\/index.php?rest_route=%2Fwp%2Fv2%2Fcategories&post=127765"},{"taxonomy":"post_tag","embeddable":true,"href":"https:\/\/www.fuldaernachrichten.de\/index.php?rest_route=%2Fwp%2Fv2%2Ftags&post=127765"}],"curies":[{"name":"wp","href":"https:\/\/api.w.org\/{rel}","templated":true}]}}