{"id":127760,"date":"2014-07-29T06:00:07","date_gmt":"2014-07-29T06:00:07","guid":{"rendered":"http:\/\/www.fuldaer-nachrichten.de\/?p=127760"},"modified":"2014-07-29T06:00:07","modified_gmt":"2014-07-29T06:00:07","slug":"waeck-woarscht-on-wie-am-samstag-9-august","status":"publish","type":"post","link":"https:\/\/www.fuldaernachrichten.de\/?p=127760","title":{"rendered":"W\u00e4ck, Woarscht on Wie am Samstag 9. August"},"content":{"rendered":"<p>Fulda. Der Weinhistorische Konvent l\u00e4dt zum n\u00e4chsten W\u00e4ck, Woarscht on Wie am Samstag 9. August, 14 \u2013 18:30 Uhr ein zum Weinberg am Frauenberg. Sie k\u00f6nnen einen guten Schoppen genie\u00dfen und Gute kr\u00e4ftige Speisen verzehren. Am Samstag 30. 8. Um 18:30 findet der festliche Gro\u00dfe Konventstag, ein mehrg\u00e4ngiges Menu, begleitet von Weinen vom Weingut Goldatzel im Rheingau im Refektorium des Priesterseminars. Weitere Highlights sind: Die Ankunft desSp\u00e4tlesereiters, der Auftritt des\u00c2\u00a0 Menuettensembles, Musik der Fuldaer\u00c2\u00a0 Stadtmusikanten. N\u00e4here Informationen auf <a href=\"http:\/\/www.Weinhistorischer-konvent.de\" target=\"_blank\">www.Weinhistorischer-konvent.de.\u00c2\u00a0<\/a> Auch zu dieser Veranstaltung sind Interessierte willkommen, Anmeldung unter<br \/>\n<a href=\"mailto:Hartmann@weinhistorischer-konvent.de\" target=\"_blank\">mailto:Hartmann@weinhistorischer-konvent.de<\/a><\/p>\n","protected":false},"excerpt":{"rendered":"<div class=\"tmnf_excerpt\"><p>Fulda. Der Weinhistorische Konvent l\u00e4dt zum n\u00e4chsten W\u00e4ck, Woarscht on Wie am Samstag 9. August, 14 \u2013 18:30 Uhr ein zum Weinberg am Frauenberg. Sie k\u00f6nnen einen guten Schoppen genie\u00dfen und Gute kr\u00e4ftige Speisen verzehren. Am Samstag 30. 8. Um 18:30 findet der festliche Gro\u00dfe Konventstag, ein mehrg\u00e4ngiges Menu, begleitet von Weinen vom Weingut Goldatzel &hellip;<\/p>\n<\/div>","protected":false},"author":1,"featured_media":0,"comment_status":"closed","ping_status":"closed","sticky":false,"template":"","format":"standard","meta":{"footnotes":""},"categories":[1,37],"tags":[],"class_list":["post-127760","post","type-post","status-publish","format-standard","hentry","category-startseite","category-essen-und-trinken"],"_links":{"self":[{"href":"https:\/\/www.fuldaernachrichten.de\/index.php?rest_route=\/wp\/v2\/posts\/127760","targetHints":{"allow":["GET"]}}],"collection":[{"href":"https:\/\/www.fuldaernachrichten.de\/index.php?rest_route=\/wp\/v2\/posts"}],"about":[{"href":"https:\/\/www.fuldaernachrichten.de\/index.php?rest_route=\/wp\/v2\/types\/post"}],"author":[{"embeddable":true,"href":"https:\/\/www.fuldaernachrichten.de\/index.php?rest_route=\/wp\/v2\/users\/1"}],"replies":[{"embeddable":true,"href":"https:\/\/www.fuldaernachrichten.de\/index.php?rest_route=%2Fwp%2Fv2%2Fcomments&post=127760"}],"version-history":[{"count":1,"href":"https:\/\/www.fuldaernachrichten.de\/index.php?rest_route=\/wp\/v2\/posts\/127760\/revisions"}],"predecessor-version":[{"id":127761,"href":"https:\/\/www.fuldaernachrichten.de\/index.php?rest_route=\/wp\/v2\/posts\/127760\/revisions\/127761"}],"wp:attachment":[{"href":"https:\/\/www.fuldaernachrichten.de\/index.php?rest_route=%2Fwp%2Fv2%2Fmedia&parent=127760"}],"wp:term":[{"taxonomy":"category","embeddable":true,"href":"https:\/\/www.fuldaernachrichten.de\/index.php?rest_route=%2Fwp%2Fv2%2Fcategories&post=127760"},{"taxonomy":"post_tag","embeddable":true,"href":"https:\/\/www.fuldaernachrichten.de\/index.php?rest_route=%2Fwp%2Fv2%2Ftags&post=127760"}],"curies":[{"name":"wp","href":"https:\/\/api.w.org\/{rel}","templated":true}]}}