{"id":12773,"date":"2008-10-14T07:32:49","date_gmt":"2008-10-14T05:32:49","guid":{"rendered":"http:\/\/www.schoene-nachrichten.de\/?p=12773"},"modified":"2008-10-14T08:33:16","modified_gmt":"2008-10-14T06:33:16","slug":"grosser-andrang-beim-gesundheitsforum-ueber-arthrose","status":"publish","type":"post","link":"https:\/\/www.fuldaernachrichten.de\/?p=12773","title":{"rendered":"Gro\u00dfer Andrang beim Gesundheitsforum \u00fcber Arthrose"},"content":{"rendered":"<p><a rel=\"lightbox[roadtrip]\" href=\"http:\/\/www.schoene-nachrichten.de\/wp-content\/uploads\/2008\/10\/081013-hoer-1.jpg\" target=\"_blank\"><img decoding=\"async\" class=\"alignnone size-thumbnail wp-image-12774\" title=\"081013-hoer-1\" src=\"http:\/\/www.schoene-nachrichten.de\/wp-content\/uploads\/2008\/10\/081013-hoer-1-128x85.jpg\" alt=\"\" hspace=\"5\" width=\"128\" height=\"85\" align=\"left\" \/><\/a><strong>Fulda. <\/strong>\u00dcber 200 Interessierte folgten der Einladung des Klinikums Fulda zu dem Gesundheitsforum \u201eH\u00fcft- und Kniegelenksschmerz: Ein patientenbezogenes Behandlungskonzept\u201c. Priv.-Doz. Dr. med. Martin Hessmann,  Direktor der Klinik f\u00fcr Orthop\u00e4die und Unfallchirurgie, begr\u00fc\u00dfte die Besucher im vollbesetzten H\u00f6rsaal.<!--more-->Arthrose vom H\u00fcft- und Kniegelenk ist ein Thema, welches zahlreiche Betroffene interessiert. Sie f\u00fchrt oft zu Schmerzen und funktionellen Beeintr\u00e4chtigungen. Dadurch resultiert eine erhebliche Beeintr\u00e4chtigung der Lebensqualit\u00e4t.<\/p>\n<p>Dr. Hessmann referierte zun\u00e4chst \u00fcber das so genannte Impingementsyndrom (Einengungssyndrom) des H\u00fcftgelenkes. Er erl\u00e4uterte hier die unterschiedlichen Formen und ihre Bedeutung f\u00fcr die Entstehung einer sp\u00e4teren Arthrose und stellte die m\u00f6glichen Operationstechniken zur Behebung dieses Problems, dar.<br \/>\nIn einem weiteren Vortrag berichtete Oberarzt Dr. med. Michael Buhl, \u00fcber das individuelle Versorgungskonzept des Klinikums bei einer Arthrose des H\u00fcftgelenkes. Ein Schwerpunkt lag hier auf der sehr breiten Palette von Operationstechniken und Implantaten, die das Klinikum zur Versorgung der Patienten vorh\u00e4lt.<\/p>\n<p>Anschlie\u00dfend stellte Dr. med. Frank Mehlmann, leitender Arzt der Abteilung f\u00fcr Schulterchirurgie und Sporttraumetologie, die Sch\u00e4den am Meniskus sowie am Knorpel des Kniegelenkes, dar. Er zeigte die operativen Versorgungsm\u00f6glichkeiten und legte hierbei einen Schwerpunkt auf die Knorpel-Knochentransplantation bzw. das Anz\u00fcchten von Knorpel in speziellen N\u00e4hrschalen.<\/p>\n<p>In einem weiteren Vortrag berichtete Dr. Hessmann \u00fcber die Versorgungsm\u00f6glichkeiten einer Knieprothese mit knochensparenden, minimalinvasiven Implantaten bzw. Operationstechniken. Durch die neuen Implantate haben sich hier die Versorgungsoptionen in den letzten Jahren stark gebessert, so dass die Haltbarkeit der Prothesen deutlich gesteigert werden konnte.<\/p>\n<p>Hinsichtlich der Frage: \u201eMeine Prothese hat sich gelockert \u2013 was nun?\u201c, berichtete Oberarzt Dr. med. Kurt Heim \u00fcber die Ursachen einer Prothesenlockerung. Er stellte die m\u00f6glichen Versorgungsstrategien dar. Auch hier wurden das umfangreiche Spektrum an Implantaten mit entsprechender Vorhaltungsnot-wendigkeit erl\u00e4utert.<\/p>\n<p>Zuletzt berichtete Dr. med. Rainer Meissel,  leitender Oberarzt der Klinik f\u00fcr An\u00e4sthesiologie, Intensiv- und Notfallmedizin, \u00fcber die Narkosem\u00f6glichkeiten sowie die Schmerztherapie nach dem operativen Eingriff. Er legte besonderen Wert auf das individuelle Behandlungskonzept, welches auf die Vorerkrankungen und Bed\u00fcrfnisse des Patienten abgestimmt wird. Zudem erl\u00e4uterte er die moderne Technik mit Mikroprozessorgesteuerten Schmerzpumpen sowie der peripheren Leitungsan\u00e4sthesie.<\/p>\n<p>Zahlreiche Besucher nahmen im Anschluss an die Vortr\u00e4ge die M\u00f6glichkeit wahr,  individuelle Fragen zu stellen. \u201eUnsere Patienteninformationsveranstaltung zu dem Thema H\u00fcft- und Kniegelenkschmerz war ein voller Erfolg. Das Patientenaufkommen war beeindruckend, die Diskussion angeregt und lebhaft\u201c, freute sich Dr. Hessmann. \u201eAufgrund der gro\u00dfen Nachfrage, werden wir das Forum im n\u00e4chsten Jahr sicherlich  wiederholen\u201c, so Dr. Hessmann.<\/p>\n","protected":false},"excerpt":{"rendered":"<div class=\"tmnf_excerpt\"><p>Fulda. \u00dcber 200 Interessierte folgten der Einladung des Klinikums Fulda zu dem Gesundheitsforum \u201eH\u00fcft- und Kniegelenksschmerz: Ein patientenbezogenes Behandlungskonzept\u201c. Priv.-Doz. Dr. med. Martin Hessmann, Direktor der Klinik f\u00fcr Orthop\u00e4die und Unfallchirurgie, begr\u00fc\u00dfte die Besucher im vollbesetzten H\u00f6rsaal.<\/p>\n<\/div>","protected":false},"author":1,"featured_media":0,"comment_status":"closed","ping_status":"closed","sticky":false,"template":"","format":"standard","meta":{"footnotes":""},"categories":[1,51,48],"tags":[],"class_list":["post-12773","post","type-post","status-publish","format-standard","hentry","category-startseite","category-medizin","category-forschung"],"_links":{"self":[{"href":"https:\/\/www.fuldaernachrichten.de\/index.php?rest_route=\/wp\/v2\/posts\/12773","targetHints":{"allow":["GET"]}}],"collection":[{"href":"https:\/\/www.fuldaernachrichten.de\/index.php?rest_route=\/wp\/v2\/posts"}],"about":[{"href":"https:\/\/www.fuldaernachrichten.de\/index.php?rest_route=\/wp\/v2\/types\/post"}],"author":[{"embeddable":true,"href":"https:\/\/www.fuldaernachrichten.de\/index.php?rest_route=\/wp\/v2\/users\/1"}],"replies":[{"embeddable":true,"href":"https:\/\/www.fuldaernachrichten.de\/index.php?rest_route=%2Fwp%2Fv2%2Fcomments&post=12773"}],"version-history":[{"count":0,"href":"https:\/\/www.fuldaernachrichten.de\/index.php?rest_route=\/wp\/v2\/posts\/12773\/revisions"}],"wp:attachment":[{"href":"https:\/\/www.fuldaernachrichten.de\/index.php?rest_route=%2Fwp%2Fv2%2Fmedia&parent=12773"}],"wp:term":[{"taxonomy":"category","embeddable":true,"href":"https:\/\/www.fuldaernachrichten.de\/index.php?rest_route=%2Fwp%2Fv2%2Fcategories&post=12773"},{"taxonomy":"post_tag","embeddable":true,"href":"https:\/\/www.fuldaernachrichten.de\/index.php?rest_route=%2Fwp%2Fv2%2Ftags&post=12773"}],"curies":[{"name":"wp","href":"https:\/\/api.w.org\/{rel}","templated":true}]}}