{"id":127725,"date":"2014-07-26T00:12:26","date_gmt":"2014-07-26T00:12:26","guid":{"rendered":"http:\/\/www.fuldaer-nachrichten.de\/?p=127725"},"modified":"2014-07-25T16:57:36","modified_gmt":"2014-07-25T16:57:36","slug":"tibetisches-heilyoga-fuer-alle-alters-und-fitnessgruppen-geeignet","status":"publish","type":"post","link":"https:\/\/www.fuldaernachrichten.de\/?p=127725","title":{"rendered":"Tibetisches Heilyoga &#8211; F\u00fcr alle Alters- und Fitnessgruppen geeignet"},"content":{"rendered":"<p>Fulda. Lu Yong (&#8220;Schulung des K\u00f6rpers&#8221;) oder auch Tibetisches Heilyoga ist eine sehr alte Form des Yoga, die nur in den Kl\u00f6stern Tibets unterrichtet wurde und erst seit kurzem in den westlichen L\u00e4ndern bekannt ist. Sie eignet sich f\u00fcr Menschen aller Alters- und Fitnessgruppen und erfordert keine Yogaerfahrung. Ein Workshop der Volkshochschule des Landkreises Fulda beginnt am Samstag, 9. August, um 15 Uhr im Georg-Stieler-Haus in Fulda, Gallasiniring 1. Weitere Informationen und Anmeldung mindestens 10 Tage vor Beginn bei der VHS-Gesch\u00e4ftsstelle, Telefon (0661)25199-0, oder unter <a href=\"http:\/\/www.vhs-fulda.de\">www.vhs-fulda.de<\/a>.<\/p>\n<p>&nbsp;<\/p>\n<p>&nbsp;<\/p>\n","protected":false},"excerpt":{"rendered":"<div class=\"tmnf_excerpt\"><p>Fulda. Lu Yong (&#8220;Schulung des K\u00f6rpers&#8221;) oder auch Tibetisches Heilyoga ist eine sehr alte Form des Yoga, die nur in den Kl\u00f6stern Tibets unterrichtet wurde und erst seit kurzem in den westlichen L\u00e4ndern bekannt ist. Sie eignet sich f\u00fcr Menschen aller Alters- und Fitnessgruppen und erfordert keine Yogaerfahrung. Ein Workshop der Volkshochschule des Landkreises Fulda &hellip;<\/p>\n<\/div>","protected":false},"author":1,"featured_media":0,"comment_status":"closed","ping_status":"closed","sticky":false,"template":"","format":"standard","meta":{"footnotes":""},"categories":[1],"tags":[],"class_list":["post-127725","post","type-post","status-publish","format-standard","hentry","category-startseite"],"_links":{"self":[{"href":"https:\/\/www.fuldaernachrichten.de\/index.php?rest_route=\/wp\/v2\/posts\/127725","targetHints":{"allow":["GET"]}}],"collection":[{"href":"https:\/\/www.fuldaernachrichten.de\/index.php?rest_route=\/wp\/v2\/posts"}],"about":[{"href":"https:\/\/www.fuldaernachrichten.de\/index.php?rest_route=\/wp\/v2\/types\/post"}],"author":[{"embeddable":true,"href":"https:\/\/www.fuldaernachrichten.de\/index.php?rest_route=\/wp\/v2\/users\/1"}],"replies":[{"embeddable":true,"href":"https:\/\/www.fuldaernachrichten.de\/index.php?rest_route=%2Fwp%2Fv2%2Fcomments&post=127725"}],"version-history":[{"count":1,"href":"https:\/\/www.fuldaernachrichten.de\/index.php?rest_route=\/wp\/v2\/posts\/127725\/revisions"}],"predecessor-version":[{"id":127726,"href":"https:\/\/www.fuldaernachrichten.de\/index.php?rest_route=\/wp\/v2\/posts\/127725\/revisions\/127726"}],"wp:attachment":[{"href":"https:\/\/www.fuldaernachrichten.de\/index.php?rest_route=%2Fwp%2Fv2%2Fmedia&parent=127725"}],"wp:term":[{"taxonomy":"category","embeddable":true,"href":"https:\/\/www.fuldaernachrichten.de\/index.php?rest_route=%2Fwp%2Fv2%2Fcategories&post=127725"},{"taxonomy":"post_tag","embeddable":true,"href":"https:\/\/www.fuldaernachrichten.de\/index.php?rest_route=%2Fwp%2Fv2%2Ftags&post=127725"}],"curies":[{"name":"wp","href":"https:\/\/api.w.org\/{rel}","templated":true}]}}