{"id":127710,"date":"2014-07-26T00:13:33","date_gmt":"2014-07-26T00:13:33","guid":{"rendered":"http:\/\/www.fuldaer-nachrichten.de\/?p=127710"},"modified":"2014-07-25T16:47:49","modified_gmt":"2014-07-25T16:47:49","slug":"einzigartiges-qualifizierungsangebot-in-osthessen-weiterbildung-zumr-geprueften-controllerin-ihk-im-bbz-mitte","status":"publish","type":"post","link":"https:\/\/www.fuldaernachrichten.de\/?p=127710","title":{"rendered":"Einzigartiges Qualifizierungsangebot in Osthessen &#8211;  Weiterbildung zum\/r gepr\u00fcften Controller\/in IHK im BBZ Mitte"},"content":{"rendered":"<p>Petersberg. Keine Frage: Ein betriebliches Controlling ist ein wichtiges Entscheidungs- und Steuerungsinstrument in der Unternehmensf\u00fchrung, denn die wirtschaftlichen Rahmenbedingungen f\u00fcr Unternehmen entwickeln sich permanent weiter. Eine wertvolle Erg\u00e4nzung des Fachwissens in diesem Bereich stellt die Weiterqualifizierung zum\/r gepr\u00fcften Controller\/in IHK dar. Als einziger Bildungsdienstleister Osthessens bietet das BBZ Mitte diesen berufsbegleitenden Lehrgang an.<!--more--><\/p>\n<p>In der zweij\u00e4hrigen Weiterbildung werden die Teilnehmer auf die \u00dcbernahme einer verantwortungsvollen T\u00e4tigkeit im Controlling vorbereitet. Vermittelt werden unter anderem Lerninhalte wie Kostenrechnung und Kostenmanagement, Unternehmensplanung und Budgetierung sowie Jahresabschlussanalyse und betriebswirtschaftliche Beratung.<\/p>\n<p>Mit erfolgreichem Abschluss der Weiterbildung k\u00f6nnen sich Controller\/innen als Fachexperten profilieren und dabei vielseitige Aufgaben wahrnehmen \u2013 etwa die tiefgr\u00fcndige Planung, Steuerung und \u00dcberpr\u00fcfung von Zielvorgaben sowie die Analyse von Unternehmensdaten. Daher ist der Bedarf nach qualifizierten Controllern auf dem Stellenmarkt in den letzten Jahren deutlich gestiegen.<\/p>\n<p>Neben Fachkr\u00e4ften aus dem kaufm\u00e4nnischen Bereich richtet sich der Lehrgang insbesondere auch an Bilanzbuchhalter, denn durch die Ver\u00e4nderungen in der Bilanzierung \u2013 etwa im Bereich der internationalen Rechnungslegungsvorschriften \u2013 r\u00fccken das dokumentarische Rechnungswesen und das Controlling n\u00e4her zusammen.<\/p>\n<p>Der Lehrgang startet am 2. September. Interessierte k\u00f6nnen sich dazu online unter www.bbz-mitte oder bei Sandra R\u00f6der (Telefon:0661\/ 6208-271, E-Mail: sandra.roeder@bbz-mitte.de) beraten lassen und anmelden.<\/p>\n<p><a href=\"http:\/\/www.bbz-mitte.de\"><strong>www.bbz-mitte.de<\/strong><\/a><\/p>\n","protected":false},"excerpt":{"rendered":"<div class=\"tmnf_excerpt\"><p>Petersberg. Keine Frage: Ein betriebliches Controlling ist ein wichtiges Entscheidungs- und Steuerungsinstrument in der Unternehmensf\u00fchrung, denn die wirtschaftlichen Rahmenbedingungen f\u00fcr Unternehmen entwickeln sich permanent weiter. Eine wertvolle Erg\u00e4nzung des Fachwissens in diesem Bereich stellt die Weiterqualifizierung zum\/r gepr\u00fcften Controller\/in IHK dar. Als einziger Bildungsdienstleister Osthessens bietet das BBZ Mitte diesen berufsbegleitenden Lehrgang an.<\/p>\n<\/div>","protected":false},"author":1,"featured_media":0,"comment_status":"closed","ping_status":"closed","sticky":false,"template":"","format":"standard","meta":{"footnotes":""},"categories":[1,53],"tags":[],"class_list":["post-127710","post","type-post","status-publish","format-standard","hentry","category-startseite","category-bildung"],"_links":{"self":[{"href":"https:\/\/www.fuldaernachrichten.de\/index.php?rest_route=\/wp\/v2\/posts\/127710","targetHints":{"allow":["GET"]}}],"collection":[{"href":"https:\/\/www.fuldaernachrichten.de\/index.php?rest_route=\/wp\/v2\/posts"}],"about":[{"href":"https:\/\/www.fuldaernachrichten.de\/index.php?rest_route=\/wp\/v2\/types\/post"}],"author":[{"embeddable":true,"href":"https:\/\/www.fuldaernachrichten.de\/index.php?rest_route=\/wp\/v2\/users\/1"}],"replies":[{"embeddable":true,"href":"https:\/\/www.fuldaernachrichten.de\/index.php?rest_route=%2Fwp%2Fv2%2Fcomments&post=127710"}],"version-history":[{"count":1,"href":"https:\/\/www.fuldaernachrichten.de\/index.php?rest_route=\/wp\/v2\/posts\/127710\/revisions"}],"predecessor-version":[{"id":127711,"href":"https:\/\/www.fuldaernachrichten.de\/index.php?rest_route=\/wp\/v2\/posts\/127710\/revisions\/127711"}],"wp:attachment":[{"href":"https:\/\/www.fuldaernachrichten.de\/index.php?rest_route=%2Fwp%2Fv2%2Fmedia&parent=127710"}],"wp:term":[{"taxonomy":"category","embeddable":true,"href":"https:\/\/www.fuldaernachrichten.de\/index.php?rest_route=%2Fwp%2Fv2%2Fcategories&post=127710"},{"taxonomy":"post_tag","embeddable":true,"href":"https:\/\/www.fuldaernachrichten.de\/index.php?rest_route=%2Fwp%2Fv2%2Ftags&post=127710"}],"curies":[{"name":"wp","href":"https:\/\/api.w.org\/{rel}","templated":true}]}}