{"id":127681,"date":"2014-07-25T00:01:34","date_gmt":"2014-07-25T00:01:34","guid":{"rendered":"http:\/\/www.fuldaer-nachrichten.de\/?p=127681"},"modified":"2014-07-25T07:53:59","modified_gmt":"2014-07-25T07:53:59","slug":"alte-autos-und-motorraeder-in-einem-barocken-schloss-mit-park","status":"publish","type":"post","link":"https:\/\/www.fuldaernachrichten.de\/?p=127681","title":{"rendered":"Alte Autos und Motorr\u00e4der in einem barocken Schloss mit Park &#8211; Treffen der Oldtimerfreunde in Eichenzell"},"content":{"rendered":"<div id=\"attachment_127683\" style=\"width: 570px\" class=\"wp-caption alignnone\"><a href=\"http:\/\/www.fuldaer-nachrichten.de\/wp-content\/uploads\/2014\/07\/Massen.jpg\"><img fetchpriority=\"high\" decoding=\"async\" aria-describedby=\"caption-attachment-127683\" class=\"size-full wp-image-127683\" src=\"http:\/\/www.fuldaer-nachrichten.de\/wp-content\/uploads\/2014\/07\/Massen.jpg\" alt=\"2.Nicht nur die Besucher str\u00f6mten in Scharen auch die Oldies mussten schon vor dem Schlosshof Schlange stehen.\" width=\"560\" height=\"360\" \/><\/a><p id=\"caption-attachment-127683\" class=\"wp-caption-text\">2. Nicht nur die Besucher str\u00f6mten in Scharen auch die Oldies mussten schon vor dem Schlosshof Schlange stehen.<\/p><\/div>\n<p>Eichenzell. Das war genau die Kombination, die sich die Oldtimerfreunde Fulda f\u00fcr ihr Treffen zum 30j\u00e4hrigen Stammtisch gew\u00fcnscht hatten. Unter dem Motto Blech &amp; Barock kamen am letzten Sonntag mehr als 350 Oldtimer und Motorr\u00e4der aus 15 Zulassungsbezirken auf das Gel\u00e4nde von Schloss Fasanerie. \u00dcber acht Jahrzehnte Automobilgeschichte, vom Benz Motorwagen Bj. 1888 \u00fcber einen Studebaker Baujahr 1919 und DKW F 8 Baujahr 1938, sowie Kleinwagen der Nachkriegszeit mit dem Fuldamobil, Goggomobil, BMW Isetta bis hin zu den Klassikern der 1970er Jahre wie MB 200\/8, war alles vertreten, was das Herz der gut 1500 Besucher h\u00f6her schlagen lie\u00df. Einige Zuschauer erkannten sofort Automobile aus ihrer Kindheit wieder, mit denen sie ganz besondere Erlebnisse verbanden. \u201eDamit sind wir bis Italien oder an die Nordsee gefahren\u201c war bei den Zuschauern zu h\u00f6ren. Man freute sich besonders, dass es \u201eFreunde\u201c gibt, die so etwas Vergangenes erhalten und zeigen.<!--more--><\/p>\n<p>Die historischen Fahrzeuge waren aus dem Umkreis von weit \u00fcber 200 km, wie zum Beispiel ein DKW F 1 auf eigener Achse aus Plettenberg im Sauerland, angereist, um zusammen mit den Oldtimerfreunden Fulda einen sch\u00f6nen Tag zu verbringen. Die weite Anreise bei hei\u00dfer Witterung war gleicherma\u00dfen f\u00fcr Mensch und Maschine anstrengend.<\/p>\n<div id=\"attachment_127682\" style=\"width: 275px\" class=\"wp-caption alignleft\"><a href=\"http:\/\/www.fuldaer-nachrichten.de\/wp-content\/uploads\/2014\/07\/FD-Mobil-Brand.jpg\"><img decoding=\"async\" aria-describedby=\"caption-attachment-127682\" class=\"size-thumbnail wp-image-127682\" src=\"http:\/\/www.fuldaer-nachrichten.de\/wp-content\/uploads\/2014\/07\/FD-Mobil-Brand-265x175.jpg\" alt=\"1.Bundestagsabgeordneter Michael Brand (CDU) am Steuer eines Original Fulda-Mobils. Das beeindruckt die Oldtimerfreunde Stephan Edeling und Rainer Schmitt (von links)\" width=\"265\" height=\"175\" srcset=\"https:\/\/www.fuldaernachrichten.de\/wp-content\/uploads\/2014\/07\/FD-Mobil-Brand-265x175.jpg 265w, https:\/\/www.fuldaernachrichten.de\/wp-content\/uploads\/2014\/07\/FD-Mobil-Brand.jpg 600w\" sizes=\"(max-width: 265px) 100vw, 265px\" \/><\/a><p id=\"caption-attachment-127682\" class=\"wp-caption-text\">1. Bundestagsabgeordneter Michael Brand (CDU) am Steuer eines Original Fulda-Mobils. Das beeindruckt die Oldtimerfreunde Stephan Edeling und Rainer Schmitt (von links)<\/p><\/div>\n<p>Die ersten 200 Oldtimerbesitzer erhielten als Gastgeschenk einen gut gef\u00fcllten Fuldaer Rucksack, der mit einem frischen Brot, Wurst, Bier, Schnaps, Wasser und einiger Lekt\u00fcre \u00fcber Fulda und die Rh\u00f6n ein anschauliches Bild der Lebensqualit\u00e4t und Gastfreundschaft der Region Fulda vermittelte. \u201eSo was Sch\u00f6nes habe ich bei einem Treffen noch nie bekommen\u201c, sagte ein Oldtimerbesitzer, der davon nichts wusste, aber sehr gl\u00fccklich dar\u00fcber war. Uns so wurden die Schnaufferlbesitzer aus nah und fern am Ende des Tages auch zu Fans der Region Fulda. Der Dank der Oldtimerfreunde galt dem Regionalen Standortmarketing und zahlreichen regionalen Sponsoren, die es erst erm\u00f6glichten, die gut gef\u00fcllten Fuldaer Rucks\u00e4cke zur Verf\u00fcgung zu stellen.<\/p>\n<p>An diesem Tag hat sich auch eine ganz besondere Freundschaft gebildet, die der Bundestagsabgeordnete Michael Brand (siehe Bild) geschlossen hat. \u201eEine Stadt, die ein eigenes Auto hergestellt hat, so etwas gibt es nicht \u00fcberall, aber bei uns!\u201c freute er sich. \u00c2\u00a0Brand sprach bei einem Rundgang ein ganz besonderes Lob an die Oldtimerfreunde Fulda aus, das es einem Stammtisch gelungen sei, solch eine sch\u00f6ne Veranstaltung zu stemmen. \u201eSch\u00f6n w\u00e4re es, wenn man so etwas wiederholen k\u00f6nnte, so dass es eine feste Veranstaltung wird!\u201c.<\/p>\n<p>Der Stammtisch hat sich mit dieser Veranstaltung nicht nur der \u00d6ffentlichkeit gezeigt, sondern hat auch neue Mitglieder gewonnen, so dass an jedem 3. Freitag im Monat die Zahl derjenigen gr\u00f6\u00dfer wird, die sich in Benzingespr\u00e4chen von und \u00fcber ihr Hobby \u201edes alten Blechs\u201c unterhalten.<\/p>\n","protected":false},"excerpt":{"rendered":"<div class=\"tmnf_excerpt\"><p>Eichenzell. Das war genau die Kombination, die sich die Oldtimerfreunde Fulda f\u00fcr ihr Treffen zum 30j\u00e4hrigen Stammtisch gew\u00fcnscht hatten. Unter dem Motto Blech &amp; Barock kamen am letzten Sonntag mehr als 350 Oldtimer und Motorr\u00e4der aus 15 Zulassungsbezirken auf das Gel\u00e4nde von Schloss Fasanerie. \u00dcber acht Jahrzehnte Automobilgeschichte, vom Benz Motorwagen Bj. 1888 \u00fcber einen &hellip;<\/p>\n<\/div>","protected":false},"author":1,"featured_media":0,"comment_status":"closed","ping_status":"closed","sticky":false,"template":"","format":"standard","meta":{"footnotes":""},"categories":[1,44,78],"tags":[],"class_list":["post-127681","post","type-post","status-publish","format-standard","hentry","category-startseite","category-kultur","category-topthema"],"_links":{"self":[{"href":"https:\/\/www.fuldaernachrichten.de\/index.php?rest_route=\/wp\/v2\/posts\/127681","targetHints":{"allow":["GET"]}}],"collection":[{"href":"https:\/\/www.fuldaernachrichten.de\/index.php?rest_route=\/wp\/v2\/posts"}],"about":[{"href":"https:\/\/www.fuldaernachrichten.de\/index.php?rest_route=\/wp\/v2\/types\/post"}],"author":[{"embeddable":true,"href":"https:\/\/www.fuldaernachrichten.de\/index.php?rest_route=\/wp\/v2\/users\/1"}],"replies":[{"embeddable":true,"href":"https:\/\/www.fuldaernachrichten.de\/index.php?rest_route=%2Fwp%2Fv2%2Fcomments&post=127681"}],"version-history":[{"count":3,"href":"https:\/\/www.fuldaernachrichten.de\/index.php?rest_route=\/wp\/v2\/posts\/127681\/revisions"}],"predecessor-version":[{"id":127686,"href":"https:\/\/www.fuldaernachrichten.de\/index.php?rest_route=\/wp\/v2\/posts\/127681\/revisions\/127686"}],"wp:attachment":[{"href":"https:\/\/www.fuldaernachrichten.de\/index.php?rest_route=%2Fwp%2Fv2%2Fmedia&parent=127681"}],"wp:term":[{"taxonomy":"category","embeddable":true,"href":"https:\/\/www.fuldaernachrichten.de\/index.php?rest_route=%2Fwp%2Fv2%2Fcategories&post=127681"},{"taxonomy":"post_tag","embeddable":true,"href":"https:\/\/www.fuldaernachrichten.de\/index.php?rest_route=%2Fwp%2Fv2%2Ftags&post=127681"}],"curies":[{"name":"wp","href":"https:\/\/api.w.org\/{rel}","templated":true}]}}