{"id":127649,"date":"2014-07-25T00:10:38","date_gmt":"2014-07-25T00:10:38","guid":{"rendered":"http:\/\/www.fuldaer-nachrichten.de\/?p=127649"},"modified":"2014-07-24T14:48:26","modified_gmt":"2014-07-24T14:48:26","slug":"tiefbauarbeiten-auf-der-einmuendung-leipziger-strasse-kurfuerstenstrasse-buttlarstrasse","status":"publish","type":"post","link":"https:\/\/www.fuldaernachrichten.de\/?p=127649","title":{"rendered":"Tiefbauarbeiten auf der Einm\u00fcndung Leipziger Stra\u00dfe \/ Kurf\u00fcrstenstra\u00dfe \/ Buttlarstra\u00dfe"},"content":{"rendered":"<p>Fulda. Aufgrund einer Kanalsanierung muss die Buttlarstra\u00dfe an der Einm\u00fcndung Leipziger Stra\u00dfe von Freitag, 25. Juli 2014 14.00 Uhr bis einschlie\u00dflich Freitag, 01. August 2014 voll gesperrt werden. Auf der Leipziger Stra\u00dfe kommt es von Freitag, 25. Juli 2014 14.00 Uhr bis Montag, 28. Juli 2014 ca. 14.00 Uhr zu Behinderungen. Es steht je Fahrtrichtung nur noch ein Fahrstreifen zur Verf\u00fcgung. Das Linksabbiegen in die Kurf\u00fcrstenstra\u00dfe bzw. das Linksabbiegen aus der Kurf\u00fcrstenstra\u00dfe in die Leipziger Stra\u00dfe wird nicht mehr m\u00f6glich sein. Die Verkehrsteilnehmer werden daher gebeten, den Bereich m\u00f6glichst weitr\u00e4umig zu umfahren.<\/p>\n","protected":false},"excerpt":{"rendered":"<div class=\"tmnf_excerpt\"><p>Fulda. Aufgrund einer Kanalsanierung muss die Buttlarstra\u00dfe an der Einm\u00fcndung Leipziger Stra\u00dfe von Freitag, 25. Juli 2014 14.00 Uhr bis einschlie\u00dflich Freitag, 01. August 2014 voll gesperrt werden. Auf der Leipziger Stra\u00dfe kommt es von Freitag, 25. Juli 2014 14.00 Uhr bis Montag, 28. Juli 2014 ca. 14.00 Uhr zu Behinderungen. Es steht je Fahrtrichtung &hellip;<\/p>\n<\/div>","protected":false},"author":1,"featured_media":0,"comment_status":"closed","ping_status":"closed","sticky":false,"template":"","format":"standard","meta":{"footnotes":""},"categories":[1,35],"tags":[],"class_list":["post-127649","post","type-post","status-publish","format-standard","hentry","category-startseite","category-auto"],"_links":{"self":[{"href":"https:\/\/www.fuldaernachrichten.de\/index.php?rest_route=\/wp\/v2\/posts\/127649","targetHints":{"allow":["GET"]}}],"collection":[{"href":"https:\/\/www.fuldaernachrichten.de\/index.php?rest_route=\/wp\/v2\/posts"}],"about":[{"href":"https:\/\/www.fuldaernachrichten.de\/index.php?rest_route=\/wp\/v2\/types\/post"}],"author":[{"embeddable":true,"href":"https:\/\/www.fuldaernachrichten.de\/index.php?rest_route=\/wp\/v2\/users\/1"}],"replies":[{"embeddable":true,"href":"https:\/\/www.fuldaernachrichten.de\/index.php?rest_route=%2Fwp%2Fv2%2Fcomments&post=127649"}],"version-history":[{"count":1,"href":"https:\/\/www.fuldaernachrichten.de\/index.php?rest_route=\/wp\/v2\/posts\/127649\/revisions"}],"predecessor-version":[{"id":127650,"href":"https:\/\/www.fuldaernachrichten.de\/index.php?rest_route=\/wp\/v2\/posts\/127649\/revisions\/127650"}],"wp:attachment":[{"href":"https:\/\/www.fuldaernachrichten.de\/index.php?rest_route=%2Fwp%2Fv2%2Fmedia&parent=127649"}],"wp:term":[{"taxonomy":"category","embeddable":true,"href":"https:\/\/www.fuldaernachrichten.de\/index.php?rest_route=%2Fwp%2Fv2%2Fcategories&post=127649"},{"taxonomy":"post_tag","embeddable":true,"href":"https:\/\/www.fuldaernachrichten.de\/index.php?rest_route=%2Fwp%2Fv2%2Ftags&post=127649"}],"curies":[{"name":"wp","href":"https:\/\/api.w.org\/{rel}","templated":true}]}}