{"id":127538,"date":"2014-07-23T00:13:00","date_gmt":"2014-07-23T00:13:00","guid":{"rendered":"http:\/\/www.fuldaer-nachrichten.de\/?p=127538"},"modified":"2014-07-22T13:13:40","modified_gmt":"2014-07-22T13:13:40","slug":"vulkanfreizeit-fuer-kinder-auf-dem-hoherodskopf-noch-plaetze-frei","status":"publish","type":"post","link":"https:\/\/www.fuldaernachrichten.de\/?p=127538","title":{"rendered":"Vulkanfreizeit f\u00fcr Kinder auf dem Hoherodskopf \u2013 noch Pl\u00e4tze frei"},"content":{"rendered":"<p>Fulda. Die Kolpingjugend im Bistum Fulda bietet in diesem Jahr vom 4. \u2013 8. August 2014 eine Vulkanfreizeit f\u00fcr Kinder zwischen 9 und 12 Jahren auf dem Hoherodskopf mit vielen Naturerlebnissen und kreativen Aktionen an. Im Preis sind Unterkunft, Vollverpflegung, Bastelmaterial und Ausfl\u00fcge enthalten. Das gro\u00dfe Freigel\u00e4nde bietet viel Platz f\u00fcr Spielerallys, Wasserschlachten und zum Austoben an.\u00c2\u00a0 Es sind kurzfristig noch Pl\u00e4tze frei. Informationen \u00fcber Kosten, Leistungen und Anmeldung gibt es beim Kolpingwerk Di\u00f6zesanverband Fulda, Kolpingjugend, Christian-Wirth-Str.16, 36043 Fulda, Tel. 0661-10000 oder per Mail: <a href=\"mailto:kolpingjugend@dv-fulda.de\">kolpingjugend@dv-fulda.de<\/a><\/p>\n","protected":false},"excerpt":{"rendered":"<div class=\"tmnf_excerpt\"><p>Fulda. Die Kolpingjugend im Bistum Fulda bietet in diesem Jahr vom 4. \u2013 8. August 2014 eine Vulkanfreizeit f\u00fcr Kinder zwischen 9 und 12 Jahren auf dem Hoherodskopf mit vielen Naturerlebnissen und kreativen Aktionen an. Im Preis sind Unterkunft, Vollverpflegung, Bastelmaterial und Ausfl\u00fcge enthalten. Das gro\u00dfe Freigel\u00e4nde bietet viel Platz f\u00fcr Spielerallys, Wasserschlachten und zum &hellip;<\/p>\n<\/div>","protected":false},"author":1,"featured_media":0,"comment_status":"closed","ping_status":"closed","sticky":false,"template":"","format":"standard","meta":{"footnotes":""},"categories":[1,72],"tags":[],"class_list":["post-127538","post","type-post","status-publish","format-standard","hentry","category-startseite","category-jugend"],"_links":{"self":[{"href":"https:\/\/www.fuldaernachrichten.de\/index.php?rest_route=\/wp\/v2\/posts\/127538","targetHints":{"allow":["GET"]}}],"collection":[{"href":"https:\/\/www.fuldaernachrichten.de\/index.php?rest_route=\/wp\/v2\/posts"}],"about":[{"href":"https:\/\/www.fuldaernachrichten.de\/index.php?rest_route=\/wp\/v2\/types\/post"}],"author":[{"embeddable":true,"href":"https:\/\/www.fuldaernachrichten.de\/index.php?rest_route=\/wp\/v2\/users\/1"}],"replies":[{"embeddable":true,"href":"https:\/\/www.fuldaernachrichten.de\/index.php?rest_route=%2Fwp%2Fv2%2Fcomments&post=127538"}],"version-history":[{"count":1,"href":"https:\/\/www.fuldaernachrichten.de\/index.php?rest_route=\/wp\/v2\/posts\/127538\/revisions"}],"predecessor-version":[{"id":127539,"href":"https:\/\/www.fuldaernachrichten.de\/index.php?rest_route=\/wp\/v2\/posts\/127538\/revisions\/127539"}],"wp:attachment":[{"href":"https:\/\/www.fuldaernachrichten.de\/index.php?rest_route=%2Fwp%2Fv2%2Fmedia&parent=127538"}],"wp:term":[{"taxonomy":"category","embeddable":true,"href":"https:\/\/www.fuldaernachrichten.de\/index.php?rest_route=%2Fwp%2Fv2%2Fcategories&post=127538"},{"taxonomy":"post_tag","embeddable":true,"href":"https:\/\/www.fuldaernachrichten.de\/index.php?rest_route=%2Fwp%2Fv2%2Ftags&post=127538"}],"curies":[{"name":"wp","href":"https:\/\/api.w.org\/{rel}","templated":true}]}}