{"id":12753,"date":"2008-10-14T00:13:05","date_gmt":"2008-10-13T22:13:05","guid":{"rendered":"http:\/\/www.schoene-nachrichten.de\/?p=12753"},"modified":"2008-10-13T19:09:33","modified_gmt":"2008-10-13T17:09:33","slug":"bunter-kulturmix-in-der-kulturscheune-eichenzell","status":"publish","type":"post","link":"https:\/\/www.fuldaernachrichten.de\/?p=12753","title":{"rendered":"Bunter Kulturmix in der Kulturscheune Eichenzell"},"content":{"rendered":"<p><a rel=\"lightbox[roadtrip]\" href=\"http:\/\/www.schoene-nachrichten.de\/wp-content\/uploads\/2008\/10\/081013-ballet.jpg\" target=\"_blank\"><img decoding=\"async\" class=\"alignnone size-thumbnail wp-image-12754\" title=\"081013-ballet\" src=\"http:\/\/www.schoene-nachrichten.de\/wp-content\/uploads\/2008\/10\/081013-ballet-128x85.jpg\" alt=\"\" hspace=\"5\" width=\"128\" height=\"85\" align=\"left\" srcset=\"https:\/\/www.fuldaernachrichten.de\/wp-content\/uploads\/2008\/10\/081013-ballet-128x86.jpg 128w, https:\/\/www.fuldaernachrichten.de\/wp-content\/uploads\/2008\/10\/081013-ballet.jpg 600w\" sizes=\"(max-width: 128px) 100vw, 128px\" \/><\/a><strong>Eichenzell.<\/strong> Zum vierten Mal pr\u00e4sentieren am Samstag, 25. Oktober 2008, um 18.00 Uhr, zahlreiche hochmotivierten Teilnehmer\/innen ein breit gef\u00e4chertes und kurzweiliges Programm anl\u00e4sslich der \u201eMix(kul)tur\u201c in der Kulturscheune Eichenzell.<br \/>\nMit der \u201eMix(kul)tur\u201c bietet die Gemeinde Eichenzell jungen K\u00fcnstlern\/innen eine sch\u00f6ne Auftrittsm\u00f6glichkeit und entdeckt dabei immer wieder hoffnungsvolle, \u00fcberraschende Talente.<!--more-->Die Freude der Kinder und Jugendlichen am Auftritt, das gro\u00dfe Engagement der Gruppenleiter(innen) sowie die gekonnte Moderation garantieren einen  besonderen und abwechslungsreichen Abend.<\/p>\n<p>\u201eMix(kul)tur\u201c verspricht eine unterhaltsame Mischung aus verschiedensten T\u00e4nzen, schwungvoller Rock- und Popmusik, mehrstimmigem Gesang, klassischen Klaviervortr\u00e4gen, Akrobatik und, und, und&#8230; .<\/p>\n<p><span style=\"text-decoration: underline;\"><strong>Mit dabei sind in diesem Jahr:<\/strong><\/span><\/p>\n<p>\u00e2\u20ac\u00a2    \u201eDie blauen Nasen\u201c (Zirkusgruppe des \u201eBlauen Haus\u201c Eichenzell)<br \/>\n\u00e2\u20ac\u00a2    Anja Reith &amp; Julius B\u00f6hm, Eichenzell (Gesang und Klavier)<br \/>\n\u00e2\u20ac\u00a2    \u201eFit for Teens\u201c L\u00f6schenrod (Turnen und Akrobatik)<br \/>\n\u00e2\u20ac\u00a2    Rebecca &amp; Patricia Witzel, Kerzell (Klarinettenduo)<br \/>\n\u00e2\u20ac\u00a2    Schule f\u00fcr Bewegungskunst (Ballett)<br \/>\n\u00e2\u20ac\u00a2    Madita Heigel, L\u00fctter (Klavier)<br \/>\n\u00e2\u20ac\u00a2    \u201eBlue Angels\u201c, B\u00fcchenberg (Showtanz)<br \/>\n\u00e2\u20ac\u00a2    \u201eH\u00fcttenpieper\u201c Eichenzell (Kinder- und Jugendchor)<br \/>\n\u00e2\u20ac\u00a2    \u201eFive up\u201c Eichenzell \/ Rothemann (Beatles-Cover-Band)<br \/>\n\u00e2\u20ac\u00a2    Grundschule Eichenzell, Klasse 4b (Volkstanz)<br \/>\n\u00e2\u20ac\u00a2    \u201eDie Strolche\u201c Eichenzell (Jugendorchester)<\/p>\n<p>Moderiert wird der Abend durch den Musiklehrer Peter Schmuck aus Eichenzell. Der Eintritt zur Veranstaltung ist frei! Infos unter Tel. 06659 \/ 9 79 43.<\/p>\n","protected":false},"excerpt":{"rendered":"<div class=\"tmnf_excerpt\"><p>Eichenzell. Zum vierten Mal pr\u00e4sentieren am Samstag, 25. Oktober 2008, um 18.00 Uhr, zahlreiche hochmotivierten Teilnehmer\/innen ein breit gef\u00e4chertes und kurzweiliges Programm anl\u00e4sslich der \u201eMix(kul)tur\u201c in der Kulturscheune Eichenzell. Mit der \u201eMix(kul)tur\u201c bietet die Gemeinde Eichenzell jungen K\u00fcnstlern\/innen eine sch\u00f6ne Auftrittsm\u00f6glichkeit und entdeckt dabei immer wieder hoffnungsvolle, \u00fcberraschende Talente.<\/p>\n<\/div>","protected":false},"author":1,"featured_media":0,"comment_status":"closed","ping_status":"closed","sticky":false,"template":"","format":"standard","meta":{"footnotes":""},"categories":[1,72],"tags":[],"class_list":["post-12753","post","type-post","status-publish","format-standard","hentry","category-startseite","category-jugend"],"_links":{"self":[{"href":"https:\/\/www.fuldaernachrichten.de\/index.php?rest_route=\/wp\/v2\/posts\/12753","targetHints":{"allow":["GET"]}}],"collection":[{"href":"https:\/\/www.fuldaernachrichten.de\/index.php?rest_route=\/wp\/v2\/posts"}],"about":[{"href":"https:\/\/www.fuldaernachrichten.de\/index.php?rest_route=\/wp\/v2\/types\/post"}],"author":[{"embeddable":true,"href":"https:\/\/www.fuldaernachrichten.de\/index.php?rest_route=\/wp\/v2\/users\/1"}],"replies":[{"embeddable":true,"href":"https:\/\/www.fuldaernachrichten.de\/index.php?rest_route=%2Fwp%2Fv2%2Fcomments&post=12753"}],"version-history":[{"count":0,"href":"https:\/\/www.fuldaernachrichten.de\/index.php?rest_route=\/wp\/v2\/posts\/12753\/revisions"}],"wp:attachment":[{"href":"https:\/\/www.fuldaernachrichten.de\/index.php?rest_route=%2Fwp%2Fv2%2Fmedia&parent=12753"}],"wp:term":[{"taxonomy":"category","embeddable":true,"href":"https:\/\/www.fuldaernachrichten.de\/index.php?rest_route=%2Fwp%2Fv2%2Fcategories&post=12753"},{"taxonomy":"post_tag","embeddable":true,"href":"https:\/\/www.fuldaernachrichten.de\/index.php?rest_route=%2Fwp%2Fv2%2Ftags&post=12753"}],"curies":[{"name":"wp","href":"https:\/\/api.w.org\/{rel}","templated":true}]}}