{"id":127486,"date":"2014-07-22T06:16:47","date_gmt":"2014-07-22T06:16:47","guid":{"rendered":"http:\/\/www.fuldaer-nachrichten.de\/?p=127486"},"modified":"2014-07-22T06:16:47","modified_gmt":"2014-07-22T06:16:47","slug":"erster-berufsfeuerwehrtag-der-gemeindejugendfeuerwehren-flieden","status":"publish","type":"post","link":"https:\/\/www.fuldaernachrichten.de\/?p=127486","title":{"rendered":"Erster Berufsfeuerwehrtag der Gemeindejugendfeuerwehren Flieden"},"content":{"rendered":"<p><a href=\"http:\/\/www.fuldaer-nachrichten.de\/wp-content\/uploads\/2014\/07\/IMG-20140713-WA0047.jpg\"><img fetchpriority=\"high\" decoding=\"async\" class=\"alignleft size-thumbnail wp-image-127489\" src=\"http:\/\/www.fuldaer-nachrichten.de\/wp-content\/uploads\/2014\/07\/IMG-20140713-WA0047-265x353.jpg\" alt=\"IMG-20140713-WA0047\" width=\"265\" height=\"353\" srcset=\"https:\/\/www.fuldaernachrichten.de\/wp-content\/uploads\/2014\/07\/IMG-20140713-WA0047-265x353.jpg 265w, https:\/\/www.fuldaernachrichten.de\/wp-content\/uploads\/2014\/07\/IMG-20140713-WA0047-198x265.jpg 198w, https:\/\/www.fuldaernachrichten.de\/wp-content\/uploads\/2014\/07\/IMG-20140713-WA0047-450x600.jpg 450w, https:\/\/www.fuldaernachrichten.de\/wp-content\/uploads\/2014\/07\/IMG-20140713-WA0047.jpg 600w\" sizes=\"(max-width: 265px) 100vw, 265px\" \/><\/a>Flieden. Am 12.07.2014 war es soweit: 21 Jugendliche der JF aus Flieden, Stork, R\u00fcckers, Schweben und Buchenrod trafen sich zum ersten Berufsfeuerwehrtag der Gro\u00dfgemeinde Flieden. Um 9.00 Uhr starteten die Jugendlichen im Alter von 15-17 Jahren mit dem Herrichten ihres Nachtlagers im Feuerwehrhaus Flieden. Anschlie\u00dfend wurden sie auf die bereitstehenden Feuerwehrautos aufgeteilt.<\/p>\n<p>Um 10.00 Uhr Erstalarmierung: \u201eStallungen und angrenzendes Wohnhaus in Brand! Eine vermisste Person!\u201c Die Jugendlichen besetzten die Feuerwehrautos und schon ging es los. Im Stork angekommen erkundete die Einsatzleitung die Lage und erteilte die Einsatzbefehle an den Gruppenf\u00fchrer. Dieser erteilte die Kommandos an die einzelnen Trupps (ein Trupp besteht aus einem Truppf\u00fchrer und einem Truppmann). Beim anschlie\u00dfenden Innenangriff bestand h\u00f6chste Priorit\u00e4t bei der Suche nach der als vermisst gemeldeten Person. Der Angriffstrupp nahm das erste Rohr vor und begann mit der Menschenrettung.<!--more--><\/p>\n<p>Zwischenzeitlich bauten die anderen Trupps die L\u00f6schwasserversorgung \u00fcber lange Wegstrecken (hier ca. 200 m) auf und begannen mit der Brandbek\u00e4mpfung sowie der Abschirmung des Wohnhauses. Die Positionen Einsatzleitung und Gruppenf\u00fchrer wurden ebenfalls von den Jugendlichen besetzt. Nach ca. drei Stunden Einsatzdauer mit anschlie\u00dfender Wiederherstellung der Einsatzbereitschaft der Fahrzeuge, st\u00e4rkten sich die Jugendlichen und ihre Betreuer mit Bratw\u00fcrstchen vom Grill.<\/p>\n<p><a href=\"http:\/\/www.fuldaer-nachrichten.de\/wp-content\/uploads\/2014\/07\/IMG-20140712-WA0002.jpg\"><img decoding=\"async\" class=\"alignnone size-thumbnail wp-image-127491\" src=\"http:\/\/www.fuldaer-nachrichten.de\/wp-content\/uploads\/2014\/07\/IMG-20140712-WA0002-265x198.jpg\" alt=\"IMG-20140712-WA0002\" width=\"265\" height=\"198\" srcset=\"https:\/\/www.fuldaernachrichten.de\/wp-content\/uploads\/2014\/07\/IMG-20140712-WA0002-265x198.jpg 265w, https:\/\/www.fuldaernachrichten.de\/wp-content\/uploads\/2014\/07\/IMG-20140712-WA0002.jpg 600w\" sizes=\"(max-width: 265px) 100vw, 265px\" \/><\/a> <a href=\"http:\/\/www.fuldaer-nachrichten.de\/wp-content\/uploads\/2014\/07\/IMG-20140713-WA0028.jpg\"><img decoding=\"async\" class=\"alignleft size-thumbnail wp-image-127490\" src=\"http:\/\/www.fuldaer-nachrichten.de\/wp-content\/uploads\/2014\/07\/IMG-20140713-WA0028-265x198.jpg\" alt=\"IMG-20140713-WA0028\" width=\"265\" height=\"198\" srcset=\"https:\/\/www.fuldaernachrichten.de\/wp-content\/uploads\/2014\/07\/IMG-20140713-WA0028-265x198.jpg 265w, https:\/\/www.fuldaernachrichten.de\/wp-content\/uploads\/2014\/07\/IMG-20140713-WA0028.jpg 600w\" sizes=\"(max-width: 265px) 100vw, 265px\" \/><\/a><\/p>\n<p>Wie arbeitet man mit Schere und Spreizer? Wie ist die Gefahrenquelle abzusperren? Was muss beim Einsatz mit Schaummittel beachten werden? Ausbildung an den Feuerwehrfahrzeugen stand als n\u00e4chstes auf dem Programm.<\/p>\n<p>Um 17.00 Uhr Alarmierung: \u201eVerkehrsunfall mit eingeklemmter Person in Buchenrod!\u201c Z\u00fcgig besetzten die Jugendlichen die Feuerwehrautos und meldeten der Leitstelle ihre Einsatzbereitschaft. An der Einsatzstelle angekommen erkundete der Einsatzleiter die Lage, um anschlie\u00dfend die Einsatzbefehle an seine Gruppenf\u00fchrer weiter zu geben: \u201eDrei eingeklemmte Personen!\u201c. Jetzt konnten die Jugendlichen das zuvor Erlernte Wissen in die Tat umsetzen. Schere und Spreizer kamen zum Einsatz und die verletzten Personen konnten aus den Autos geschnitten werden. Anschlie\u00dfend meldeten die Jugendlichen der Leitstelle, dass die Insassen der Fahrzeuge dem Rettungsdienst \u00fcbergeben werden konnten. Parallel sicherten die anderen Jugendlichen die Einsatzstelle ab und bauten eine L\u00f6schwasserversorgung auf. Da die f\u00fcr diesen Einsatz ben\u00f6tigen Ger\u00e4tschaften nicht in allen Wehren zur Verf\u00fcgung stehen, durfte jeder Jugendliche hier sein K\u00f6nnen unter Beweis stellen.<\/p>\n<p><a href=\"http:\/\/www.fuldaer-nachrichten.de\/wp-content\/uploads\/2014\/07\/IMG_20140712_180603.jpg\"><img loading=\"lazy\" decoding=\"async\" class=\"alignnone size-thumbnail wp-image-127488\" src=\"http:\/\/www.fuldaer-nachrichten.de\/wp-content\/uploads\/2014\/07\/IMG_20140712_180603-265x148.jpg\" alt=\"IMG_20140712_180603\" width=\"265\" height=\"148\" srcset=\"https:\/\/www.fuldaernachrichten.de\/wp-content\/uploads\/2014\/07\/IMG_20140712_180603-265x148.jpg 265w, https:\/\/www.fuldaernachrichten.de\/wp-content\/uploads\/2014\/07\/IMG_20140712_180603.jpg 600w\" sizes=\"(max-width: 265px) 100vw, 265px\" \/><\/a><a href=\"http:\/\/www.fuldaer-nachrichten.de\/wp-content\/uploads\/2014\/07\/IMG-20140713-WA0065.jpg\"><img loading=\"lazy\" decoding=\"async\" class=\"alignnone size-thumbnail wp-image-127487\" src=\"http:\/\/www.fuldaer-nachrichten.de\/wp-content\/uploads\/2014\/07\/IMG-20140713-WA0065-265x198.jpg\" alt=\"IMG-20140713-WA0065\" width=\"265\" height=\"198\" srcset=\"https:\/\/www.fuldaernachrichten.de\/wp-content\/uploads\/2014\/07\/IMG-20140713-WA0065-265x198.jpg 265w, https:\/\/www.fuldaernachrichten.de\/wp-content\/uploads\/2014\/07\/IMG-20140713-WA0065.jpg 600w\" sizes=\"(max-width: 265px) 100vw, 265px\" \/><\/a><\/p>\n<p>Nachdem die Einsatzbereitschaft der Fahrwehrfahrzeuge wieder hergestellt war, wurden die Mannschaften mit leckeren Nudeln und Hackfleischso\u00dfe belohnt. Anschlie\u00dfend war Pause angesagt und es gab Zeit f\u00fcr Fu\u00dfball, Kicker etc. Teilweise wurden in den Gespr\u00e4chen noch die Eindr\u00fccke aus den Eins\u00e4tzen verarbeitet.<\/p>\n<p>22.00 Uhr Alarm:\u00c2\u00a0 \u201eVersch\u00fcttete Person in R\u00fcckers, Firma Baustoffe Sauer, Inhaber Richard Seng!\u201c Schnell wurden die Feuerwehrfahrzeuge wieder besetzt und schon ging es los. In R\u00fcckers angekommen, wurde zuerst einmal die Lage erkundet. Danach kam der Befehl: \u201eEine versch\u00fcttete Person unter einem Schotterhaufen und eine weitere Person wird vermisst!\u201c Die Einsatzkr\u00e4fte bauten einen Lichtmast auf, um die Einsatzstelle auszuleuchten und mit der Rettung beginnen zu k\u00f6nnen.<\/p>\n<p>Die unter dem Schotter versch\u00fcttete Person musste mit Schaufeln gerettet werden. Die Rettung erwies sich jedoch als schwierig, weil st\u00e4ndig wieder Schotter nachrutschte, Als L\u00f6sung hierf\u00fcr wurden Paletten gegen das Nachrutschen verbaut. Parallel suchten die Einsatzkr\u00e4fte auf dem im Dunkeln sehr un\u00fcbersichtlichen Gel\u00e4nde die vermisste Person. Auch der angrenzende Wald erschwerte die Suche.<\/p>\n<p>Mit Hilfe der W\u00e4rmebildkamera wurde die vermisste Person jedoch aufgefunden und konnte zusammen mit der versch\u00fctteten Person dem Rettungsdienst \u00fcbergeben werden. Gegen 00.00 Uhr endete die \u00dcbung erfolgreich und die Einsatzbereitschaft der Feuerwehrfahrzeuge konnte wieder hergestellt werden. Danach hatten sich alle die Nachtruhe verdient.<\/p>\n<p>5.30 Uhr Alarm! Durchsage: LKW-Brand am Bauhof Flieden! Die Einsatzkr\u00e4fte wurden aus dem Schlaf gerissen und besetzten die Autos. Am Bauhof angekommen, stand ein Stapel mit Paletten, welches ein LKW F\u00fchrerhaus darstellen sollte, voll in Flammen. Die Brandbek\u00e4mpfung wurde mittels Schaum vorangetrieben, ebenso stand die Abschirmung der angrenzenden Geb\u00e4ude und Gewerkschaften mit 2 C Strahlrohren. Der Brand war schnell unter Kontrolle, sodass um 7.30 Uhr das Einsatzende der Leitstelle mitgeteilt werden konnte.<\/p>\n<p>Um 9.00 Uhr endete der 24 h Dienst, nach einem ausgiebigen Fr\u00fchst\u00fcck und einem Lob unseren Gemeindebrandinspektoren. Danke sagen wir an Dietmar Erb und der Fa. Baustoffe Sauer, R\u00fcckers f\u00fcr die \u00dcbungsobjekte.\u00c2\u00a0 (Jugendfeuerwehren der Gemeinde Flieden)<\/p>\n","protected":false},"excerpt":{"rendered":"<div class=\"tmnf_excerpt\"><p>Flieden. Am 12.07.2014 war es soweit: 21 Jugendliche der JF aus Flieden, Stork, R\u00fcckers, Schweben und Buchenrod trafen sich zum ersten Berufsfeuerwehrtag der Gro\u00dfgemeinde Flieden. Um 9.00 Uhr starteten die Jugendlichen im Alter von 15-17 Jahren mit dem Herrichten ihres Nachtlagers im Feuerwehrhaus Flieden. Anschlie\u00dfend wurden sie auf die bereitstehenden Feuerwehrautos aufgeteilt. Um 10.00 Uhr &hellip;<\/p>\n<\/div>","protected":false},"author":1,"featured_media":0,"comment_status":"closed","ping_status":"closed","sticky":false,"template":"","format":"standard","meta":{"footnotes":""},"categories":[1,71],"tags":[],"class_list":["post-127486","post","type-post","status-publish","format-standard","hentry","category-startseite","category-feuerwehr"],"_links":{"self":[{"href":"https:\/\/www.fuldaernachrichten.de\/index.php?rest_route=\/wp\/v2\/posts\/127486","targetHints":{"allow":["GET"]}}],"collection":[{"href":"https:\/\/www.fuldaernachrichten.de\/index.php?rest_route=\/wp\/v2\/posts"}],"about":[{"href":"https:\/\/www.fuldaernachrichten.de\/index.php?rest_route=\/wp\/v2\/types\/post"}],"author":[{"embeddable":true,"href":"https:\/\/www.fuldaernachrichten.de\/index.php?rest_route=\/wp\/v2\/users\/1"}],"replies":[{"embeddable":true,"href":"https:\/\/www.fuldaernachrichten.de\/index.php?rest_route=%2Fwp%2Fv2%2Fcomments&post=127486"}],"version-history":[{"count":1,"href":"https:\/\/www.fuldaernachrichten.de\/index.php?rest_route=\/wp\/v2\/posts\/127486\/revisions"}],"predecessor-version":[{"id":127492,"href":"https:\/\/www.fuldaernachrichten.de\/index.php?rest_route=\/wp\/v2\/posts\/127486\/revisions\/127492"}],"wp:attachment":[{"href":"https:\/\/www.fuldaernachrichten.de\/index.php?rest_route=%2Fwp%2Fv2%2Fmedia&parent=127486"}],"wp:term":[{"taxonomy":"category","embeddable":true,"href":"https:\/\/www.fuldaernachrichten.de\/index.php?rest_route=%2Fwp%2Fv2%2Fcategories&post=127486"},{"taxonomy":"post_tag","embeddable":true,"href":"https:\/\/www.fuldaernachrichten.de\/index.php?rest_route=%2Fwp%2Fv2%2Ftags&post=127486"}],"curies":[{"name":"wp","href":"https:\/\/api.w.org\/{rel}","templated":true}]}}