{"id":127465,"date":"2014-07-22T05:57:53","date_gmt":"2014-07-22T05:57:53","guid":{"rendered":"http:\/\/www.fuldaer-nachrichten.de\/?p=127465"},"modified":"2014-07-22T05:57:53","modified_gmt":"2014-07-22T05:57:53","slug":"hohe-auszeichnung-fuer-weiterbildungsprogramm-professionelles-coaching-und-supervision","status":"publish","type":"post","link":"https:\/\/www.fuldaernachrichten.de\/?p=127465","title":{"rendered":"Hohe Auszeichnung f\u00fcr Weiterbildungsprogramm \u201eProfessionelles Coaching und Supervision\u201c"},"content":{"rendered":"<p>Fulda\/Koblenz. Das Weiterbildungsstudium Professionelles Coaching und Supervision der Hochschule Fulda erf\u00fcllt h\u00f6chste Standards f\u00fcr die Ausbildung zu Coach und SupervisorIn. Dies hat die Deutsche Gesellschaft f\u00fcr Supervision (DGSv), wichtigste Berufsorganisation in diesem Bereich, dem Studienangebot der Hochschule Fulda bescheinigt und es damit in den Kreis empfohlener Ausbildungen aufgenommen. \u201eWir freuen uns \u00fcber die Anerkennung sehr und sind stolz darauf, dabei zu sein\u201c, so Prof. Dr. Werner Nothdurft, der zusammen mit Antje Carson das Programm leitet. <!--more--><\/p>\n<p>\u201eDer Ausweis der Zertifizierung durch diesen wichtigen Berufsverband bietet unseren AbsolventInnen einen wesentlichen Wettbewerbsvorteil im un\u00fcbersichtlichen Markt Coaching und Supervision\u201c betont Antje Carson, die selbst auch als Coach und Supervisorin t\u00e4tig ist. Seit 2011 wird das Ausbildungsangebot, das aus dem Weiterbildungsprogramm Sozialkompetenz entstanden ist, erfolgreich durchgef\u00fchrt. Die n\u00e4chste Ausbildungsgruppe beginnt im Herbst dieses Jahres. Anmeldungen sind noch bis zum 31. Juli m\u00f6glich.<\/p>\n<p>Das berufsbegleitende Weiterbildungsstudium Professionelles Coaching und Supervision ist als Fernstudium konzipiert und wird in Kooperation mit der Zentralstelle f\u00fcr Fernstudien an Fachhochschulen (ZFH) durchgef\u00fchrt. Es umfasst f\u00fcnf Semester und setzt sich aus dem zweisemestrigen Basiskurs Sozialkompetenz und dem dreisemestrigen Aufbaukurs Coaching-Kompetenz zusammen. Bewerber verf\u00fcgen in der Regel \u00fcber ein erstes Hochschulstudium und mehrj\u00e4hrige Berufserfahrung \u2013 Interessenten ohne Erststudium k\u00f6nnen unter bestimmten Voraussetzungen ebenfalls zugelassen werden.<\/p>\n<p>N\u00e4here Informationen unter <a href=\"http:\/\/www.professionelles-coaching.info\">www.professionelles-coaching.info<\/a> <a href=\"http:\/\/www.zfh.de\/fuer-interessierte\/anmeldung\/professionelles-coaching-und-supervision\">Online-Anmeldung<\/a> unter <a href=\"http:\/\/www.zfh.de\">www.zfh.de<\/a><\/p>\n<p>&nbsp;<\/p>\n","protected":false},"excerpt":{"rendered":"<div class=\"tmnf_excerpt\"><p>Fulda\/Koblenz. Das Weiterbildungsstudium Professionelles Coaching und Supervision der Hochschule Fulda erf\u00fcllt h\u00f6chste Standards f\u00fcr die Ausbildung zu Coach und SupervisorIn. Dies hat die Deutsche Gesellschaft f\u00fcr Supervision (DGSv), wichtigste Berufsorganisation in diesem Bereich, dem Studienangebot der Hochschule Fulda bescheinigt und es damit in den Kreis empfohlener Ausbildungen aufgenommen. \u201eWir freuen uns \u00fcber die Anerkennung sehr &hellip;<\/p>\n<\/div>","protected":false},"author":1,"featured_media":0,"comment_status":"closed","ping_status":"closed","sticky":false,"template":"","format":"standard","meta":{"footnotes":""},"categories":[1,48],"tags":[],"class_list":["post-127465","post","type-post","status-publish","format-standard","hentry","category-startseite","category-forschung"],"_links":{"self":[{"href":"https:\/\/www.fuldaernachrichten.de\/index.php?rest_route=\/wp\/v2\/posts\/127465","targetHints":{"allow":["GET"]}}],"collection":[{"href":"https:\/\/www.fuldaernachrichten.de\/index.php?rest_route=\/wp\/v2\/posts"}],"about":[{"href":"https:\/\/www.fuldaernachrichten.de\/index.php?rest_route=\/wp\/v2\/types\/post"}],"author":[{"embeddable":true,"href":"https:\/\/www.fuldaernachrichten.de\/index.php?rest_route=\/wp\/v2\/users\/1"}],"replies":[{"embeddable":true,"href":"https:\/\/www.fuldaernachrichten.de\/index.php?rest_route=%2Fwp%2Fv2%2Fcomments&post=127465"}],"version-history":[{"count":1,"href":"https:\/\/www.fuldaernachrichten.de\/index.php?rest_route=\/wp\/v2\/posts\/127465\/revisions"}],"predecessor-version":[{"id":127466,"href":"https:\/\/www.fuldaernachrichten.de\/index.php?rest_route=\/wp\/v2\/posts\/127465\/revisions\/127466"}],"wp:attachment":[{"href":"https:\/\/www.fuldaernachrichten.de\/index.php?rest_route=%2Fwp%2Fv2%2Fmedia&parent=127465"}],"wp:term":[{"taxonomy":"category","embeddable":true,"href":"https:\/\/www.fuldaernachrichten.de\/index.php?rest_route=%2Fwp%2Fv2%2Fcategories&post=127465"},{"taxonomy":"post_tag","embeddable":true,"href":"https:\/\/www.fuldaernachrichten.de\/index.php?rest_route=%2Fwp%2Fv2%2Ftags&post=127465"}],"curies":[{"name":"wp","href":"https:\/\/api.w.org\/{rel}","templated":true}]}}