{"id":127430,"date":"2014-07-21T09:32:29","date_gmt":"2014-07-21T09:32:29","guid":{"rendered":"http:\/\/www.fuldaer-nachrichten.de\/?p=127430"},"modified":"2014-07-21T09:32:29","modified_gmt":"2014-07-21T09:32:29","slug":"uebung-fuer-den-notfall-feuerwehr-evakuiert-wohngemeinschaft-des-st-antoniusheims","status":"publish","type":"post","link":"https:\/\/www.fuldaernachrichten.de\/?p=127430","title":{"rendered":"\u00dcbung f\u00fcr den Notfall \u2013 Feuerwehr evakuiert Wohngemeinschaft des St. Antoniusheims"},"content":{"rendered":"<p><a href=\"http:\/\/www.fuldaer-nachrichten.de\/wp-content\/uploads\/2014\/07\/IMG_6818.jpg\"><img decoding=\"async\" class=\"alignleft size-thumbnail wp-image-127437\" src=\"http:\/\/www.fuldaer-nachrichten.de\/wp-content\/uploads\/2014\/07\/IMG_6818-265x176.jpg\" alt=\"IMG_6818\" width=\"265\" height=\"176\" srcset=\"https:\/\/www.fuldaernachrichten.de\/wp-content\/uploads\/2014\/07\/IMG_6818-265x176.jpg 265w, https:\/\/www.fuldaernachrichten.de\/wp-content\/uploads\/2014\/07\/IMG_6818.jpg 600w\" sizes=\"(max-width: 265px) 100vw, 265px\" \/><\/a>Fulda. Die Bewohnerinnen und Bewohner der Wohngemeinschaft Elisabeth sitzen in ihrem Aufenthaltsraum und warten voller Spannung auf die bald eintreffenden Feuerwehrleute. Die Feuerwehr Fulda hat einen Alarm von der WG Elisabeth gemeldet bekommen. Hier liegen folgende Informationen vor: Ein Brand auf dem Herd hat auf die K\u00fcchenm\u00f6bel \u00fcbergegriffen und breitet sich nun aus. Bereits wenige Minuten sp\u00e4ter befahren die Feuerwehrleute das Gel\u00e4nde des Antoniusheims.<!--more--><\/p>\n<p>Was sie und die Bewohner nat\u00fcrlich wissen: Es brennt nicht wirklich, es soll aber gemeinsam f\u00fcr den Ernstfall geprobt werden. Die WG-Bewohner wurden schon seit einiger Zeit darauf vorbereitet und eine Stunde vor dem gro\u00dfen Ereignis von Hauptbrandmeister Klaus Hahner auf den Einsatz eingestimmt. \u201eIch habe Ihnen einmal hier eine Feuerwehruniform mitgebracht. Die Feuerwehrm\u00e4nner sind ganz dick eingepackt und wirken dadurch sehr gro\u00df. Davor braucht man aber keine Angst haben\u201c, erkl\u00e4rt Hahner den Bewohnern. Zudem erl\u00e4utert er den Ablauf des Einsatzes.<\/p>\n<p><a href=\"http:\/\/www.fuldaer-nachrichten.de\/wp-content\/uploads\/2014\/07\/IMG_6755.jpg\"><img fetchpriority=\"high\" decoding=\"async\" class=\"alignleft size-thumbnail wp-image-127442\" src=\"http:\/\/www.fuldaer-nachrichten.de\/wp-content\/uploads\/2014\/07\/IMG_6755-265x397.jpg\" alt=\"IMG_6755\" width=\"265\" height=\"397\" srcset=\"https:\/\/www.fuldaernachrichten.de\/wp-content\/uploads\/2014\/07\/IMG_6755-265x397.jpg 265w, https:\/\/www.fuldaernachrichten.de\/wp-content\/uploads\/2014\/07\/IMG_6755-176x265.jpg 176w, https:\/\/www.fuldaernachrichten.de\/wp-content\/uploads\/2014\/07\/IMG_6755-400x600.jpg 400w, https:\/\/www.fuldaernachrichten.de\/wp-content\/uploads\/2014\/07\/IMG_6755.jpg 600w\" sizes=\"(max-width: 265px) 100vw, 265px\" \/><\/a> <a href=\"http:\/\/www.fuldaer-nachrichten.de\/wp-content\/uploads\/2014\/07\/IMG_6821.jpg\"><img decoding=\"async\" class=\"alignleft size-thumbnail wp-image-127436\" src=\"http:\/\/www.fuldaer-nachrichten.de\/wp-content\/uploads\/2014\/07\/IMG_6821-265x397.jpg\" alt=\"IMG_6821\" width=\"265\" height=\"397\" srcset=\"https:\/\/www.fuldaernachrichten.de\/wp-content\/uploads\/2014\/07\/IMG_6821-265x397.jpg 265w, https:\/\/www.fuldaernachrichten.de\/wp-content\/uploads\/2014\/07\/IMG_6821-176x265.jpg 176w, https:\/\/www.fuldaernachrichten.de\/wp-content\/uploads\/2014\/07\/IMG_6821-400x600.jpg 400w, https:\/\/www.fuldaernachrichten.de\/wp-content\/uploads\/2014\/07\/IMG_6821.jpg 600w\" sizes=\"(max-width: 265px) 100vw, 265px\" \/><\/a>Kurze Zeit sp\u00e4ter erklimmt ein Teil der Feuerwehrleute, unter Aufsicht von Thomas Helmer, dem Leiter der Fuldaer Feuerwehr, vom Hauptportal aus das Treppenhaus des gro\u00dfen Backsteingeb\u00e4udes. Ihre Aufgabe ist es, die R\u00e4umlichkeiten zu sichern, f\u00fcr einen Abzug des Rauches zu sorgen und die Bewohner, die auf einen Rollstuhl angewiesen sind, \u00fcber das Treppenhaus zu evakuieren. Ein weiterer Teil der Bewohner gelangt mit Hilfe eines weiteren Rettungs-Trupps \u00fcber das hintere Treppenhaus ins Freie und damit in \u201eSicherheit\u201c. Doch nicht nur auf diesen Wegen erfolgt die Rettung. Auch auf dem Luftwege n\u00e4hert sich ein Feuerwehrmann: \u00dcber eine Drehleiter werden so aus der zweiten Etage des Haupthauses zwei Mitarbeiterinnen sicher nach unten gefahren. Dort werden sie und die Bewohner von den Gesch\u00e4ftsf\u00fchrern des Antoniusheims, Rainer Sippel und Michaela Lengsfeld, und von den im Antoniusheim t\u00e4tigen Ordensschwestern, samt Gastschwestern aus Indien, in Empfang genommen.<\/p>\n<p>E<a href=\"http:\/\/www.fuldaer-nachrichten.de\/wp-content\/uploads\/2014\/07\/IMG_6788.jpg\"><img loading=\"lazy\" decoding=\"async\" class=\"alignleft size-thumbnail wp-image-127441\" src=\"http:\/\/www.fuldaer-nachrichten.de\/wp-content\/uploads\/2014\/07\/IMG_6788-265x176.jpg\" alt=\"IMG_6788\" width=\"265\" height=\"176\" srcset=\"https:\/\/www.fuldaernachrichten.de\/wp-content\/uploads\/2014\/07\/IMG_6788-265x176.jpg 265w, https:\/\/www.fuldaernachrichten.de\/wp-content\/uploads\/2014\/07\/IMG_6788.jpg 600w\" sizes=\"(max-width: 265px) 100vw, 265px\" \/><\/a>rg\u00e4nzt wird die Gruppe durch G\u00fcnter Habig, dem stellvertretenden Gesch\u00e4ftsf\u00fchrer des Antoniusheims und Koordinator der \u00dcbung. \u201eDie Sicherheit unserer Bewohner geht uns \u00fcber alles, so ist es uns ein gro\u00dfes Anliegen Rettungsabl\u00e4ufe zu trainieren, um sie bei Bewohnern und Betreuern in \u00e2\u20ac\u0161Mark und Bein\u00e2\u20ac\u02dc \u00fcbergehen zu lassen\u201c, sagt Habig und bedankt sich bei der Feuerwehr Fulda und der Feuerwehr Haimbach f\u00fcr die ausgiebige \u00dcbung.<\/p>\n<p>Was viele noch zuvor noch mit Staunen betrachtet haben, wird zum Ende des Einsatzes hin zur ultimativen Mutprobe f\u00fcr viele: Bewohner, Mitarbeiter und auch Schwestern ergreifen die einzigartige Gelegenheit, einmal \u00fcber den D\u00e4chern des Antoniusheims zu schweben. Mit der Drehleiter der Feuerwehr steigen sie Etage f\u00fcr Etage hinauf, um schlie\u00dflich den Blick hinweg \u00fcber das Haupthaus in Richtung Rh\u00f6n genie\u00dfen zu k\u00f6nnen.<\/p>\n<p>Alles in Allem ein aufregender Abend, der mit einer z\u00fcnftigen St\u00e4rkung f\u00fcr die Feuerwehrleute und mit vielen wertvollen, neu dazugewonnen Erfahrungen f\u00fcr die Bewohner und Mitarbeiter des Antoniusheims zu Ende ging.<\/p>\n<p><a href=\"http:\/\/www.fuldaer-nachrichten.de\/wp-content\/uploads\/2014\/07\/IMG_6814.jpg\"><img loading=\"lazy\" decoding=\"async\" class=\"alignleft size-thumbnail wp-image-127438\" src=\"http:\/\/www.fuldaer-nachrichten.de\/wp-content\/uploads\/2014\/07\/IMG_6814-265x176.jpg\" alt=\"IMG_6814\" width=\"265\" height=\"176\" srcset=\"https:\/\/www.fuldaernachrichten.de\/wp-content\/uploads\/2014\/07\/IMG_6814-265x176.jpg 265w, https:\/\/www.fuldaernachrichten.de\/wp-content\/uploads\/2014\/07\/IMG_6814.jpg 600w\" sizes=\"(max-width: 265px) 100vw, 265px\" \/><\/a>\u00c2\u00a0<a href=\"http:\/\/www.fuldaer-nachrichten.de\/wp-content\/uploads\/2014\/07\/IMG_6723.jpg\"><img loading=\"lazy\" decoding=\"async\" class=\"alignleft size-thumbnail wp-image-127434\" src=\"http:\/\/www.fuldaer-nachrichten.de\/wp-content\/uploads\/2014\/07\/IMG_6723-265x176.jpg\" alt=\"IMG_6723\" width=\"265\" height=\"176\" srcset=\"https:\/\/www.fuldaernachrichten.de\/wp-content\/uploads\/2014\/07\/IMG_6723-265x176.jpg 265w, https:\/\/www.fuldaernachrichten.de\/wp-content\/uploads\/2014\/07\/IMG_6723.jpg 600w\" sizes=\"(max-width: 265px) 100vw, 265px\" \/><\/a><\/p>\n","protected":false},"excerpt":{"rendered":"<div class=\"tmnf_excerpt\"><p>Fulda. Die Bewohnerinnen und Bewohner der Wohngemeinschaft Elisabeth sitzen in ihrem Aufenthaltsraum und warten voller Spannung auf die bald eintreffenden Feuerwehrleute. Die Feuerwehr Fulda hat einen Alarm von der WG Elisabeth gemeldet bekommen. Hier liegen folgende Informationen vor: Ein Brand auf dem Herd hat auf die K\u00fcchenm\u00f6bel \u00fcbergegriffen und breitet sich nun aus. Bereits wenige &hellip;<\/p>\n<\/div>","protected":false},"author":1,"featured_media":0,"comment_status":"closed","ping_status":"closed","sticky":false,"template":"","format":"standard","meta":{"footnotes":""},"categories":[1,71],"tags":[],"class_list":["post-127430","post","type-post","status-publish","format-standard","hentry","category-startseite","category-feuerwehr"],"_links":{"self":[{"href":"https:\/\/www.fuldaernachrichten.de\/index.php?rest_route=\/wp\/v2\/posts\/127430","targetHints":{"allow":["GET"]}}],"collection":[{"href":"https:\/\/www.fuldaernachrichten.de\/index.php?rest_route=\/wp\/v2\/posts"}],"about":[{"href":"https:\/\/www.fuldaernachrichten.de\/index.php?rest_route=\/wp\/v2\/types\/post"}],"author":[{"embeddable":true,"href":"https:\/\/www.fuldaernachrichten.de\/index.php?rest_route=\/wp\/v2\/users\/1"}],"replies":[{"embeddable":true,"href":"https:\/\/www.fuldaernachrichten.de\/index.php?rest_route=%2Fwp%2Fv2%2Fcomments&post=127430"}],"version-history":[{"count":1,"href":"https:\/\/www.fuldaernachrichten.de\/index.php?rest_route=\/wp\/v2\/posts\/127430\/revisions"}],"predecessor-version":[{"id":127443,"href":"https:\/\/www.fuldaernachrichten.de\/index.php?rest_route=\/wp\/v2\/posts\/127430\/revisions\/127443"}],"wp:attachment":[{"href":"https:\/\/www.fuldaernachrichten.de\/index.php?rest_route=%2Fwp%2Fv2%2Fmedia&parent=127430"}],"wp:term":[{"taxonomy":"category","embeddable":true,"href":"https:\/\/www.fuldaernachrichten.de\/index.php?rest_route=%2Fwp%2Fv2%2Fcategories&post=127430"},{"taxonomy":"post_tag","embeddable":true,"href":"https:\/\/www.fuldaernachrichten.de\/index.php?rest_route=%2Fwp%2Fv2%2Ftags&post=127430"}],"curies":[{"name":"wp","href":"https:\/\/api.w.org\/{rel}","templated":true}]}}