{"id":12714,"date":"2008-10-11T10:42:20","date_gmt":"2008-10-11T08:42:20","guid":{"rendered":"http:\/\/www.schoene-nachrichten.de\/?p=12714"},"modified":"2008-10-11T10:42:20","modified_gmt":"2008-10-11T08:42:20","slug":"gewalt-vermeiden-zivilcourage-staerken","status":"publish","type":"post","link":"https:\/\/www.fuldaernachrichten.de\/?p=12714","title":{"rendered":"Gewalt vermeiden \u2013 Zivilcourage st\u00e4rken"},"content":{"rendered":"<p><a rel=\"lightbox[roadtrip]\" href=\"http:\/\/www.schoene-nachrichten.de\/wp-content\/uploads\/2008\/10\/081010-gewalt.jpg\" target=\"_blank\"><img decoding=\"async\" class=\"alignnone size-medium wp-image-12715\" title=\"081010-gewalt\" src=\"http:\/\/www.schoene-nachrichten.de\/wp-content\/uploads\/2008\/10\/081010-gewalt-110x128.jpg\" alt=\"\" hspace=\"5\" width=\"110\" height=\"128\" align=\"left\" srcset=\"https:\/\/www.fuldaernachrichten.de\/wp-content\/uploads\/2008\/10\/081010-gewalt-110x128.jpg 110w, https:\/\/www.fuldaernachrichten.de\/wp-content\/uploads\/2008\/10\/081010-gewalt.jpg 517w\" sizes=\"(max-width: 110px) 100vw, 110px\" \/><\/a><strong>Fulda. <\/strong>Viele Menschen w\u00fcrden in bedrohlichen Alltagssituationen gerne helfen, doch die eigene Angst verleitet sehr oft zum \u201eWegschauen\u201c. Genau hinschauen, Zivilcourage zeigen und potenziellen Opfern helfen, ohne sich dabei selbst in Gefahr zu bringen, waren die Inhalte des Seminars &#8220;Gewalt &#8211; Sehen &#8211; Helfen&#8221;, das k\u00fcrzlich f\u00fcr die Auszubildenden in der Kreisverwaltung Fulda angeboten wurde.<\/p>\n<p><!--more-->Die Jugendlichen besch\u00e4ftigten sich an zwei Tagen intensiv mit den Themen \u201eGewalt\u201c und \u201eZivilcourage\u201c. In praktischen \u00dcbungen zeigte Seminarleiterin Martina Mohr-G\u00e4rtner, wie Gewaltsituationen vermieden oder entsch\u00e4rft werden k\u00f6nnen. \u201eIch habe die Teilnehmerinnen und Teilnehmer offen und sehr diskussionsfreudig erlebt\u201c, sagt Mohr-G\u00e4rtner. Die R\u00fcckmeldungen zum Seminarende seien sehr positiv gewesen. \u201eViele best\u00e4tigten mir, dass sie sich jetzt sicherer f\u00fchlen.\u201c<\/p>\n<p>Dazu erkl\u00e4rt Landrat Bernd Woide: \u201eMit Seminaren zur Gewaltpr\u00e4vention wollen wir unsere Mitarbeiterinnen und Mitarbeiter f\u00fcr dieses Themenfeld sensibilisieren und die Zivilcourage st\u00e4rken. Mit dem richtigen Verhalten k\u00f6nnen viele Konfliktsituationen wirkungsvoll entsch\u00e4rft werden.\u201c Die Kreisverwaltung will laut Woide in naher Zukunft weitere Seminare zur Gewalt-pr\u00e4vention anbieten.<\/p>\n<p>Die Kampagne &#8220;Gewalt &#8211; Sehen &#8211; Helfen&#8221; ist eine landesweite Kampagne, die 1997 von der Stadt und dem Polizeipr\u00e4sidium Frankfurt gestartet wurde und seit 2005 auch vom Pr\u00e4ventionsrat Fulda in Stadt und Landkreis Fulda umgesetzt wird.<\/p>\n","protected":false},"excerpt":{"rendered":"<div class=\"tmnf_excerpt\"><p>Fulda. Viele Menschen w\u00fcrden in bedrohlichen Alltagssituationen gerne helfen, doch die eigene Angst verleitet sehr oft zum \u201eWegschauen\u201c. Genau hinschauen, Zivilcourage zeigen und potenziellen Opfern helfen, ohne sich dabei selbst in Gefahr zu bringen, waren die Inhalte des Seminars &#8220;Gewalt &#8211; Sehen &#8211; Helfen&#8221;, das k\u00fcrzlich f\u00fcr die Auszubildenden in der Kreisverwaltung Fulda angeboten wurde.<\/p>\n<\/div>","protected":false},"author":1,"featured_media":0,"comment_status":"closed","ping_status":"closed","sticky":false,"template":"","format":"standard","meta":{"footnotes":""},"categories":[1,72],"tags":[],"class_list":["post-12714","post","type-post","status-publish","format-standard","hentry","category-startseite","category-jugend"],"_links":{"self":[{"href":"https:\/\/www.fuldaernachrichten.de\/index.php?rest_route=\/wp\/v2\/posts\/12714","targetHints":{"allow":["GET"]}}],"collection":[{"href":"https:\/\/www.fuldaernachrichten.de\/index.php?rest_route=\/wp\/v2\/posts"}],"about":[{"href":"https:\/\/www.fuldaernachrichten.de\/index.php?rest_route=\/wp\/v2\/types\/post"}],"author":[{"embeddable":true,"href":"https:\/\/www.fuldaernachrichten.de\/index.php?rest_route=\/wp\/v2\/users\/1"}],"replies":[{"embeddable":true,"href":"https:\/\/www.fuldaernachrichten.de\/index.php?rest_route=%2Fwp%2Fv2%2Fcomments&post=12714"}],"version-history":[{"count":0,"href":"https:\/\/www.fuldaernachrichten.de\/index.php?rest_route=\/wp\/v2\/posts\/12714\/revisions"}],"wp:attachment":[{"href":"https:\/\/www.fuldaernachrichten.de\/index.php?rest_route=%2Fwp%2Fv2%2Fmedia&parent=12714"}],"wp:term":[{"taxonomy":"category","embeddable":true,"href":"https:\/\/www.fuldaernachrichten.de\/index.php?rest_route=%2Fwp%2Fv2%2Fcategories&post=12714"},{"taxonomy":"post_tag","embeddable":true,"href":"https:\/\/www.fuldaernachrichten.de\/index.php?rest_route=%2Fwp%2Fv2%2Ftags&post=12714"}],"curies":[{"name":"wp","href":"https:\/\/api.w.org\/{rel}","templated":true}]}}