{"id":1270,"date":"2007-01-31T17:05:59","date_gmt":"2007-01-31T16:05:59","guid":{"rendered":"http:\/\/www.schoene-nachrichten.de\/?p=1270"},"modified":"2007-01-31T17:05:59","modified_gmt":"2007-01-31T16:05:59","slug":"handy-benutzung-bei-roter-ampel-doch-erlaubt","status":"publish","type":"post","link":"https:\/\/www.fuldaernachrichten.de\/?p=1270","title":{"rendered":"Handy-Benutzung bei roter Ampel doch erlaubt"},"content":{"rendered":"<p><strong>Sch\u00f6nes f\u00fcr Autofahrer.<\/strong> Hat ein Autofahrer beim Warten an einer auf Rot geschalteten Ampel den Motor seines Fahrzeugs abgestellt, darf er auch hinterm Steuer zum Handy greifen und telefonieren. Das habe das Oberlandesgericht Bamberg entschieden, teilte die Deutsche Anwaltshotline in N\u00fcrnberg mit.<\/p>\n<p>\u00c2\u00a0<\/p>\n<p><!--more-->Das sahen die Richter der Oberinstanz anders. Wenn ein Fahrzeug stehe und der Motor abgestellt sei, bestehe allein durch das Aufnehmen oder Halten eines Mobiltelefons keine unmittelbare Ablenkung von den eigentlichen Fahraufgaben. &#8220;Denn vor einer Weiterfahrt muss der Motor zun\u00e4chst durch einen erneuten Startvorgang in Gang gesetzt werden&#8221;, erl\u00e4utert Rechtsanw\u00e4ltin Tanja Leopold. Erst dann k\u00f6nne die Fahrt wieder aufgenommen werden und damit &#8211; bei fortgesetzter Benutzung des Mobiltelefons &#8211; eine gerichtlich zu bewertende Beeintr\u00e4chtigung der Fahraufgaben eintreten. Das gelte, weil in der Verkehrsordnung nicht anders festgelegt, auch beim Halten vor Ampelanlagen.<\/p>\n","protected":false},"excerpt":{"rendered":"<div class=\"tmnf_excerpt\"><p>Sch\u00f6nes f\u00fcr Autofahrer. Hat ein Autofahrer beim Warten an einer auf Rot geschalteten Ampel den Motor seines Fahrzeugs abgestellt, darf er auch hinterm Steuer zum Handy greifen und telefonieren. Das habe das Oberlandesgericht Bamberg entschieden, teilte die Deutsche Anwaltshotline in N\u00fcrnberg mit. \u00c2\u00a0<\/p>\n<\/div>","protected":false},"author":1,"featured_media":0,"comment_status":"closed","ping_status":"closed","sticky":false,"template":"","format":"standard","meta":{"footnotes":""},"categories":[1,35],"tags":[],"class_list":["post-1270","post","type-post","status-publish","format-standard","hentry","category-startseite","category-auto"],"_links":{"self":[{"href":"https:\/\/www.fuldaernachrichten.de\/index.php?rest_route=\/wp\/v2\/posts\/1270","targetHints":{"allow":["GET"]}}],"collection":[{"href":"https:\/\/www.fuldaernachrichten.de\/index.php?rest_route=\/wp\/v2\/posts"}],"about":[{"href":"https:\/\/www.fuldaernachrichten.de\/index.php?rest_route=\/wp\/v2\/types\/post"}],"author":[{"embeddable":true,"href":"https:\/\/www.fuldaernachrichten.de\/index.php?rest_route=\/wp\/v2\/users\/1"}],"replies":[{"embeddable":true,"href":"https:\/\/www.fuldaernachrichten.de\/index.php?rest_route=%2Fwp%2Fv2%2Fcomments&post=1270"}],"version-history":[{"count":0,"href":"https:\/\/www.fuldaernachrichten.de\/index.php?rest_route=\/wp\/v2\/posts\/1270\/revisions"}],"wp:attachment":[{"href":"https:\/\/www.fuldaernachrichten.de\/index.php?rest_route=%2Fwp%2Fv2%2Fmedia&parent=1270"}],"wp:term":[{"taxonomy":"category","embeddable":true,"href":"https:\/\/www.fuldaernachrichten.de\/index.php?rest_route=%2Fwp%2Fv2%2Fcategories&post=1270"},{"taxonomy":"post_tag","embeddable":true,"href":"https:\/\/www.fuldaernachrichten.de\/index.php?rest_route=%2Fwp%2Fv2%2Ftags&post=1270"}],"curies":[{"name":"wp","href":"https:\/\/api.w.org\/{rel}","templated":true}]}}