{"id":126976,"date":"2014-07-15T00:09:34","date_gmt":"2014-07-15T00:09:34","guid":{"rendered":"http:\/\/www.fuldaer-nachrichten.de\/?p=126976"},"modified":"2014-07-15T06:53:30","modified_gmt":"2014-07-15T06:53:30","slug":"eibe-projekt-an-der-eduard-stieler-schule-kuemmert-sich-besonders-um-leistungsschwaechere-schueler","status":"publish","type":"post","link":"https:\/\/www.fuldaernachrichten.de\/?p=126976","title":{"rendered":"\u201eEibe\u201c-Projekt an der Eduard-Stieler-Schule k\u00fcmmert sich besonders um leistungsschw\u00e4chere Sch\u00fcler"},"content":{"rendered":"<div id=\"attachment_126977\" style=\"width: 570px\" class=\"wp-caption alignnone\"><a href=\"http:\/\/www.fuldaer-nachrichten.de\/wp-content\/uploads\/2014\/07\/330-EIBE-Klasse-2.jpg\"><img fetchpriority=\"high\" decoding=\"async\" aria-describedby=\"caption-attachment-126977\" class=\"size-full wp-image-126977\" src=\"http:\/\/www.fuldaer-nachrichten.de\/wp-content\/uploads\/2014\/07\/330-EIBE-Klasse-2.jpg\" alt=\"Ern\u00e4hrung und Hauswirtschaft sind nur zwei Beispiele, die die die Sch\u00fclerinnen und Sch\u00fcler beim \u201eEibe\u201c-Projekt Einblick erhalten.   Foto: ESSf\" width=\"560\" height=\"410\" \/><\/a><p id=\"caption-attachment-126977\" class=\"wp-caption-text\">Ern\u00e4hrung und Hauswirtschaft sind nur zwei Beispiele, die die die Sch\u00fclerinnen und Sch\u00fcler beim \u201eEibe\u201c-Projekt Einblick erhalten. Foto: ESSf<\/p><\/div>\n<p>Fulda. Der \u00dcbergang von der Schule in den Beruf ist nicht immer einfach. Um den Sch\u00fclern den Einstieg in das Arbeitsleben zu erleichtern, bieten viele Berufsschulen das Programm \u201eBildungsgang zur Berufsvorbereitung\u201c an. Innerhalb dieses Programms k\u00fcmmert sich das Projekt \u201eEingliederung in die Berufs- und Arbeitswelt\u201c (EIBE) vor allem um jene Sch\u00fcler, die keinen Hauptschulabschluss haben oder trotz Hauptschulabschluss keine passende Ausbildungsstelle finden konnten.<\/p>\n<p>Auch an der Eduard-Stieler-Schule in Fulda wird das Programm \u201eBildungsgang zur Berufsvorbereitung\u201c angeboten. \u201eWir sind von Beginn an mit beachtlichen Erfolgen dabei\u201c, berichtet der zust\u00e4ndige Abteilungsleiter Thomas Willert. Insgesamt 20 Lehrer und drei Sozialp\u00e4dagoginnen arbeiten momentan an der Eduard-Stieler-Schule eng mit den betroffenen Sch\u00fclern zusammen, um ihnen zu einem Schulabschluss und einer Ausbildungsstelle zu verhelfen. Finanziert wird das Programm unter anderem durch Mittel aus dem Europ\u00e4ischen Sozialfonds.<\/p>\n<p><a href=\"http:\/\/www.fuldaer-nachrichten.de\/wp-content\/uploads\/2014\/07\/330-EIBE-Klasse-1.jpg\"><img decoding=\"async\" class=\"alignleft size-thumbnail wp-image-126978\" src=\"http:\/\/www.fuldaer-nachrichten.de\/wp-content\/uploads\/2014\/07\/330-EIBE-Klasse-1-265x198.jpg\" alt=\"330-EIBE-Klasse 1\" width=\"265\" height=\"198\" srcset=\"https:\/\/www.fuldaernachrichten.de\/wp-content\/uploads\/2014\/07\/330-EIBE-Klasse-1-265x198.jpg 265w, https:\/\/www.fuldaernachrichten.de\/wp-content\/uploads\/2014\/07\/330-EIBE-Klasse-1.jpg 600w\" sizes=\"(max-width: 265px) 100vw, 265px\" \/><\/a>\u201eZu Beginn des Schuljahrs k\u00f6nnen die Sch\u00fcler in die verschiedenen berufsbildenden Unterrichtszweige hineinschnuppern und sich am Ende der ersten Woche f\u00fcr eine Fachrichtung entscheiden\u201c, erkl\u00e4rt Willert. An der Eduard-Stieler-Schule erhalten sie Einblicke in die Bereiche Gartenbau, Ern\u00e4hrung und Hauswirtschaft, Wirtschaft und Verwaltung oder K\u00f6rperpflege. Haben die Sch\u00fcler sich schlie\u00dflich f\u00fcr einen Bereich entschieden, beginnt die eigentliche Arbeit. In enger Abstimmung mit der Agentur f\u00fcr Arbeit vermittelt die Schule den Sch\u00fclern geeignete Praktika, ber\u00e4t sie in der Gestaltung ihrer beruflichen Laufbahn und steht auch f\u00fcr private Fragen und Probleme bereit.<\/p>\n<p>Momentan nehmen insgesamt 48 Sch\u00fclerinnen und Sch\u00fcler der Eduard-Stieler-Schule an dem Projekt teil. Neben dem Ziel, schulische Inhalte zu vermitteln und die Sch\u00fcler beim Einstieg in ihr Berufsleben zu begleiten, sollen vor allem sogenannte \u201e\u00fcberfachliche Kompetenzen\u201c gef\u00f6rdert werden, die in der Arbeitswelt durchaus von Nutzen sein k\u00f6nnen. P\u00fcnktlichkeit, Zuverl\u00e4ssigkeit und Selbstst\u00e4ndigkeit \u2013 die Sch\u00fcler erfahren neben der rein schulischen F\u00f6rderung auch eine intensive p\u00e4dagogische Betreuung.<\/p>\n<p>\u201eDen Unterricht gestalten wir so, dass prinzipiell jeder mithalten kann. Dabei ist es uns besonders wichtig, auf m\u00f6gliche Sprachprobleme R\u00fccksicht zu nehmen\u201c, meint Willert. Die Sch\u00fcler, die an dem Programm teilnehmen, sind zwischen 15 und 19 Jahre alt. Die gro\u00dfe Altersspanne macht es f\u00fcr Sch\u00fcler und Lehrer nicht unbedingt leichter. Doch am Ende des Schuljahres freuen sich sowohl Sch\u00fcler als auch Lehrer \u00fcber jeden erfolgreichen Abg\u00e4nger, dem der Einstieg in das Berufsleben oder in eine weiterf\u00fchrende Schulform gelungen ist.<\/p>\n<p>&nbsp;<\/p>\n","protected":false},"excerpt":{"rendered":"<div class=\"tmnf_excerpt\"><p>Fulda. Der \u00dcbergang von der Schule in den Beruf ist nicht immer einfach. Um den Sch\u00fclern den Einstieg in das Arbeitsleben zu erleichtern, bieten viele Berufsschulen das Programm \u201eBildungsgang zur Berufsvorbereitung\u201c an. Innerhalb dieses Programms k\u00fcmmert sich das Projekt \u201eEingliederung in die Berufs- und Arbeitswelt\u201c (EIBE) vor allem um jene Sch\u00fcler, die keinen Hauptschulabschluss haben &hellip;<\/p>\n<\/div>","protected":false},"author":1,"featured_media":0,"comment_status":"closed","ping_status":"closed","sticky":false,"template":"","format":"standard","meta":{"footnotes":""},"categories":[1,53,78],"tags":[],"class_list":["post-126976","post","type-post","status-publish","format-standard","hentry","category-startseite","category-bildung","category-topthema"],"_links":{"self":[{"href":"https:\/\/www.fuldaernachrichten.de\/index.php?rest_route=\/wp\/v2\/posts\/126976","targetHints":{"allow":["GET"]}}],"collection":[{"href":"https:\/\/www.fuldaernachrichten.de\/index.php?rest_route=\/wp\/v2\/posts"}],"about":[{"href":"https:\/\/www.fuldaernachrichten.de\/index.php?rest_route=\/wp\/v2\/types\/post"}],"author":[{"embeddable":true,"href":"https:\/\/www.fuldaernachrichten.de\/index.php?rest_route=\/wp\/v2\/users\/1"}],"replies":[{"embeddable":true,"href":"https:\/\/www.fuldaernachrichten.de\/index.php?rest_route=%2Fwp%2Fv2%2Fcomments&post=126976"}],"version-history":[{"count":1,"href":"https:\/\/www.fuldaernachrichten.de\/index.php?rest_route=\/wp\/v2\/posts\/126976\/revisions"}],"predecessor-version":[{"id":126979,"href":"https:\/\/www.fuldaernachrichten.de\/index.php?rest_route=\/wp\/v2\/posts\/126976\/revisions\/126979"}],"wp:attachment":[{"href":"https:\/\/www.fuldaernachrichten.de\/index.php?rest_route=%2Fwp%2Fv2%2Fmedia&parent=126976"}],"wp:term":[{"taxonomy":"category","embeddable":true,"href":"https:\/\/www.fuldaernachrichten.de\/index.php?rest_route=%2Fwp%2Fv2%2Fcategories&post=126976"},{"taxonomy":"post_tag","embeddable":true,"href":"https:\/\/www.fuldaernachrichten.de\/index.php?rest_route=%2Fwp%2Fv2%2Ftags&post=126976"}],"curies":[{"name":"wp","href":"https:\/\/api.w.org\/{rel}","templated":true}]}}