{"id":126916,"date":"2014-07-14T00:13:39","date_gmt":"2014-07-14T00:13:39","guid":{"rendered":"http:\/\/www.fuldaer-nachrichten.de\/?p=126916"},"modified":"2014-07-13T16:29:53","modified_gmt":"2014-07-13T16:29:53","slug":"caritas-delegation-aus-westukrainischem-iwano-frankiwsk-zu-gast-in-fulda","status":"publish","type":"post","link":"https:\/\/www.fuldaernachrichten.de\/?p=126916","title":{"rendered":"Caritas-Delegation aus westukrainischem Iwano-Frankiwsk zu Gast in Fulda"},"content":{"rendered":"<p><a href=\"http:\/\/www.fuldaer-nachrichten.de\/wp-content\/uploads\/2014\/07\/zu-52-cs_Pressekonf_UkrainischeDel_CS_090714_IMG_4005.jpg\"><img fetchpriority=\"high\" decoding=\"async\" class=\"alignleft size-thumbnail wp-image-126917\" src=\"http:\/\/www.fuldaer-nachrichten.de\/wp-content\/uploads\/2014\/07\/zu-52-cs_Pressekonf_UkrainischeDel_CS_090714_IMG_4005-265x202.jpg\" alt=\"zu 52-cs_Pressekonf_UkrainischeDel_CS_090714_IMG_4005\" width=\"265\" height=\"202\" srcset=\"https:\/\/www.fuldaernachrichten.de\/wp-content\/uploads\/2014\/07\/zu-52-cs_Pressekonf_UkrainischeDel_CS_090714_IMG_4005-265x202.jpg 265w, https:\/\/www.fuldaernachrichten.de\/wp-content\/uploads\/2014\/07\/zu-52-cs_Pressekonf_UkrainischeDel_CS_090714_IMG_4005.jpg 600w\" sizes=\"(max-width: 265px) 100vw, 265px\" \/><\/a>Fulda (cif). Bei einem Pressetermin im Priesterseminar anl\u00e4sslich des Delegationsbesuches der Caritas aus dem westukrainischen Iwano-Frankiwsk, bei der das neue Kooperationsprojekt der Caritas-Behindertenhilfe Fulda mit der in Iwano-Frankiwsk vorgestellt wurde, erl\u00e4uterte Di\u00f6zesan-Caritasdirektor Dr. Markus Juch, dass es sich nach Wissen der Caritas Fulda um das erste binationales Caritas-Projekt handele, das die Aktion Mensch in der Ukraine unterst\u00fctze. <!--more--><\/p>\n<p>Die F\u00f6rdergelder sollen \u00fcber einen Zeitraum von vier Jahren dazu beitragen, die Inklusion voranzubringen: Dazu sollen f\u00fcr die Menschen mit Behinderung und ihre Familien eine Beratung und Begleitung aufgebaut und mit der die Zielsetzung der weitgehenden Verselbst\u00e4ndigung der gehandicapten Menschen eigens ein Kontaktb\u00fcro im Zentrum von Iwano-Frankiwsk geschaffen werden. Auch eine zielgerichtete \u00d6ffentlichkeitsarbeit zur Bewusstseinsbildung in der ukrainischen Gesellschaft im Sinne der Inklusion sei Bestandteil des neuen Projektes.<\/p>\n<p>Der ukrainische Caritasdirektor Pfarrer Volodymyr Chorniy berichtete, dass man im Rahmen des neuen Projektes jetzt begonnen habe, die Arbeit mit den Angeh\u00f6rigen der Menschen mit Behinderung zu intensivieren und Selbsthilfeinitiativen nach dem Modell in Fulda und Deutschland aufzubauen. Dies sei bereits in vier Orten gelungen.<\/p>\n<p>In Bezug auf die politische Situation schilderte Chorniy, dass es in der Region von Iwano-Frankiwsk ruhig sei, man aber die Folgen des Krieges im Osten des Landes sp\u00fcre. So seien von der Krim und verst\u00e4rkt auch aus den \u00f6stlichen Landesteilen mehrere Tausend Vertriebene nach Iwano-Frankiwsk gekommen, die von der Caritas betreut und versorgt w\u00fcrden. Oft handele es sich bei diesen Fl\u00fcchtlingen um kinderreiche Familien, f\u00fcr die sich nur schwer passende Unterk\u00fcnfte finden lie\u00dfen. Der Caritas, so Chorniy, sei so unerwartet ein v\u00f6llig neues Aufgabenfeld zugewachsen, das derzeit ungeachtet der weiter laufenden Arbeit etwa in der Behindertenhilfe viele Kr\u00e4fte binde und zus\u00e4tzliche Mittel erfordere.<\/p>\n<p>Generalvikar Prof. Dr. Gerhard Stanke, der anfangs des Pressegespr\u00e4ches die G\u00e4ste aus Osteuropa offiziell im Namen des Bistums willkommen gehei\u00dfen hatte, \u00fcbergab abschlie\u00dfend Caritasdirektor Chorniy symbolisch einen Schl\u00fcssel f\u00fcr einen Ford Transit, den die Caritas dem Schwesterverband im Zuge des Inklusionsprojektes f\u00fcr Behinderten-Fahrdienste zur Verf\u00fcgung stellen wird. Die \u00dcberf\u00fchrung, so Dr. Juch, erfolge, sobald die ukrainische Caritas die Genehmigung zur Einfuhr des Fahrzeuges habe. F\u00fcr die akute Fl\u00fcchtlingshilfe in Iwano-Frankiwsk stellte der Generalvikar v\u00f6llig \u00fcberaschend zudem den dankbaren G\u00e4sten aus dem Hilfsfonds des Bistums 10.000 Euro bereit.<\/p>\n<p>Im Rahmen des viert\u00e4gigen Aufenthaltes hatte die ukrainische Caritas-Delegation zuvor zahlreiche Einrichtungen der Caritas-Behindertenhilfe besichtigt. Im Rahmen eines Round-Tables waren die G\u00e4ste zudem mit Vertretern der Elternbeir\u00e4te und Selbsthilfevereine zusammengetroffen.<\/p>\n<p>Die Caritas im Bistum Fulda bietet um Spenden f\u00fcr die aktuelle Fluchthilfe-Arbeit der Caritas Iwano-Frankiwsk. Alle Spenden werden im vollen Umfange weitergeleitet \u2013 Spendenquittungen werden auf Wunsch gerne erstellt. Spendenkonto des Caritasverbandes f\u00fcr die Di\u00f6zese Fulda bei der Sparkasse Fulda,<\/p>\n<p>Kto-Nr. 220, BLZ 530 501 80, IBAN DE64 5305 0180 0000 0002 20, BIC HELADEF1FDS. Auch Online-Spenden ist m\u00f6glich (unter <a href=\"http:\/\/www.caritas-fulda.de\">www.caritas-fulda.de<\/a> einfach \u201eEngagement\u201c anklicken).<\/p>\n","protected":false},"excerpt":{"rendered":"<div class=\"tmnf_excerpt\"><p>Fulda (cif). Bei einem Pressetermin im Priesterseminar anl\u00e4sslich des Delegationsbesuches der Caritas aus dem westukrainischen Iwano-Frankiwsk, bei der das neue Kooperationsprojekt der Caritas-Behindertenhilfe Fulda mit der in Iwano-Frankiwsk vorgestellt wurde, erl\u00e4uterte Di\u00f6zesan-Caritasdirektor Dr. Markus Juch, dass es sich nach Wissen der Caritas Fulda um das erste binationales Caritas-Projekt handele, das die Aktion Mensch in der &hellip;<\/p>\n<\/div>","protected":false},"author":1,"featured_media":0,"comment_status":"closed","ping_status":"closed","sticky":false,"template":"","format":"standard","meta":{"footnotes":""},"categories":[1],"tags":[],"class_list":["post-126916","post","type-post","status-publish","format-standard","hentry","category-startseite"],"_links":{"self":[{"href":"https:\/\/www.fuldaernachrichten.de\/index.php?rest_route=\/wp\/v2\/posts\/126916","targetHints":{"allow":["GET"]}}],"collection":[{"href":"https:\/\/www.fuldaernachrichten.de\/index.php?rest_route=\/wp\/v2\/posts"}],"about":[{"href":"https:\/\/www.fuldaernachrichten.de\/index.php?rest_route=\/wp\/v2\/types\/post"}],"author":[{"embeddable":true,"href":"https:\/\/www.fuldaernachrichten.de\/index.php?rest_route=\/wp\/v2\/users\/1"}],"replies":[{"embeddable":true,"href":"https:\/\/www.fuldaernachrichten.de\/index.php?rest_route=%2Fwp%2Fv2%2Fcomments&post=126916"}],"version-history":[{"count":1,"href":"https:\/\/www.fuldaernachrichten.de\/index.php?rest_route=\/wp\/v2\/posts\/126916\/revisions"}],"predecessor-version":[{"id":126918,"href":"https:\/\/www.fuldaernachrichten.de\/index.php?rest_route=\/wp\/v2\/posts\/126916\/revisions\/126918"}],"wp:attachment":[{"href":"https:\/\/www.fuldaernachrichten.de\/index.php?rest_route=%2Fwp%2Fv2%2Fmedia&parent=126916"}],"wp:term":[{"taxonomy":"category","embeddable":true,"href":"https:\/\/www.fuldaernachrichten.de\/index.php?rest_route=%2Fwp%2Fv2%2Fcategories&post=126916"},{"taxonomy":"post_tag","embeddable":true,"href":"https:\/\/www.fuldaernachrichten.de\/index.php?rest_route=%2Fwp%2Fv2%2Ftags&post=126916"}],"curies":[{"name":"wp","href":"https:\/\/api.w.org\/{rel}","templated":true}]}}