{"id":126908,"date":"2014-07-14T00:12:21","date_gmt":"2014-07-14T00:12:21","guid":{"rendered":"http:\/\/www.fuldaer-nachrichten.de\/?p=126908"},"modified":"2014-07-13T16:24:15","modified_gmt":"2014-07-13T16:24:15","slug":"betreuung-demenzkranker-schnupper-angebot-der-kreuzkirche","status":"publish","type":"post","link":"https:\/\/www.fuldaernachrichten.de\/?p=126908","title":{"rendered":"Betreuung Demenzkranker: Schnupper-Angebot der Kreuzkirche"},"content":{"rendered":"<p>Fulda. Die Diakoniestation Fulda-Petersberg-K\u00fcnzell bietet in Kooperation mit der Evangelischen Kreuzkirchengemeinde, Fulda-Neuenberg eine regelm\u00e4\u00dfige stundenweise Betreuung f\u00fcr demenzkranke Menschen in den Gemeinder\u00e4umen der Kreuzkirche an. 14-t\u00e4gig donnerstags, trifft man sich in geselliger Runde zum Singen, Malen oder Spielen. Dabei wird bewusst darauf geachtet, dass kein Beteiligter \u00fcberfordert wird. Dieses Angebot dient auch zur Entlastung der pflegenden Angeh\u00f6rigen. Interessierte haben die M\u00f6glichkeit am 17.7.,\u00c2\u00a0 von 14.30 Uhr das Angebot vor Ort kostenfrei kennenzulernen. Eine Beratung im Anschluss ist m\u00f6glich.<!--more--><\/p>\n<p>Die Diakoniestation bietet dazu einen kostenfreien, individuellen Fahrdienst an, der telefonisch abgerufen werden kann. (Diakoniestation Tel. 0661 \/ 962 1975 334). Sagt das Angebot nach der Schnupperphase zu, k\u00f6nnen Betreuungsleistungen \u00fcber die Pflegekasse abgerechnet werden. R\u00fcckfragen k\u00f6nnen gern an die Diakonie oder das Pfarramt der Evangelischen Kreuzkirche (Tel. 7 58 50) gerichtet werden.<\/p>\n","protected":false},"excerpt":{"rendered":"<div class=\"tmnf_excerpt\"><p>Fulda. Die Diakoniestation Fulda-Petersberg-K\u00fcnzell bietet in Kooperation mit der Evangelischen Kreuzkirchengemeinde, Fulda-Neuenberg eine regelm\u00e4\u00dfige stundenweise Betreuung f\u00fcr demenzkranke Menschen in den Gemeinder\u00e4umen der Kreuzkirche an. 14-t\u00e4gig donnerstags, trifft man sich in geselliger Runde zum Singen, Malen oder Spielen. Dabei wird bewusst darauf geachtet, dass kein Beteiligter \u00fcberfordert wird. Dieses Angebot dient auch zur Entlastung der &hellip;<\/p>\n<\/div>","protected":false},"author":1,"featured_media":0,"comment_status":"closed","ping_status":"closed","sticky":false,"template":"","format":"standard","meta":{"footnotes":""},"categories":[1,50],"tags":[],"class_list":["post-126908","post","type-post","status-publish","format-standard","hentry","category-startseite","category-kirche"],"_links":{"self":[{"href":"https:\/\/www.fuldaernachrichten.de\/index.php?rest_route=\/wp\/v2\/posts\/126908","targetHints":{"allow":["GET"]}}],"collection":[{"href":"https:\/\/www.fuldaernachrichten.de\/index.php?rest_route=\/wp\/v2\/posts"}],"about":[{"href":"https:\/\/www.fuldaernachrichten.de\/index.php?rest_route=\/wp\/v2\/types\/post"}],"author":[{"embeddable":true,"href":"https:\/\/www.fuldaernachrichten.de\/index.php?rest_route=\/wp\/v2\/users\/1"}],"replies":[{"embeddable":true,"href":"https:\/\/www.fuldaernachrichten.de\/index.php?rest_route=%2Fwp%2Fv2%2Fcomments&post=126908"}],"version-history":[{"count":1,"href":"https:\/\/www.fuldaernachrichten.de\/index.php?rest_route=\/wp\/v2\/posts\/126908\/revisions"}],"predecessor-version":[{"id":126909,"href":"https:\/\/www.fuldaernachrichten.de\/index.php?rest_route=\/wp\/v2\/posts\/126908\/revisions\/126909"}],"wp:attachment":[{"href":"https:\/\/www.fuldaernachrichten.de\/index.php?rest_route=%2Fwp%2Fv2%2Fmedia&parent=126908"}],"wp:term":[{"taxonomy":"category","embeddable":true,"href":"https:\/\/www.fuldaernachrichten.de\/index.php?rest_route=%2Fwp%2Fv2%2Fcategories&post=126908"},{"taxonomy":"post_tag","embeddable":true,"href":"https:\/\/www.fuldaernachrichten.de\/index.php?rest_route=%2Fwp%2Fv2%2Ftags&post=126908"}],"curies":[{"name":"wp","href":"https:\/\/api.w.org\/{rel}","templated":true}]}}