{"id":126883,"date":"2014-07-11T00:13:03","date_gmt":"2014-07-11T00:13:03","guid":{"rendered":"http:\/\/www.fuldaer-nachrichten.de\/?p=126883"},"modified":"2014-07-10T19:35:02","modified_gmt":"2014-07-10T19:35:02","slug":"gehoerlosengottesdienst-und-sommerfest-gewinnen-und-verlieren","status":"publish","type":"post","link":"https:\/\/www.fuldaernachrichten.de\/?p=126883","title":{"rendered":"Geh\u00f6rlosengottesdienst und Sommerfest: \u201eGewinnen und Verlieren\u201c"},"content":{"rendered":"<p>Fulda. Am Sonntag, den 6.7.2014, lud die Evangelische Geh\u00f6rlosenseelsorge im Sprengel Hanau zum diesj\u00e4hrigen Sommerfest der geb\u00e4rdensprachigen Gemeinden Hanau und Fulda in das Evangelische Zentrum, Haus Oranien, nach Fulda ein. Auf dem Au\u00dfengel\u00e4nde des Kindergartens der Evangelischen Christuskirchengemeinde wurde ab dem fr\u00fchen Mittag gegrillt und angeregt in Geb\u00e4rdensprache kommuniziert.\u00c2\u00a0<!--more--><\/p>\n<p>Als Pfarrer der Christuskirchengemeinde hie\u00df Fried-Wilhelm Kohl die Geh\u00f6rlosengemeinde und interessierte \u00e2\u20ac\u0161H\u00f6rende\u00e2\u20ac\u02dc herzlich willkommen. In seinem Gru\u00dfwort ging Pfarrer Kohl auf das Thema \u201eGewinnen und Verlieren\u201c ein: Beides, Gewinnen und Verlieren, geh\u00f6re zum Leben hinzu und muss im Leben einge\u00fcbt werden. Das zeige beispielhaft die Fu\u00dfball-WM.<\/p>\n<p>Auch Pfarrerin Keller-Stenzel, Geh\u00f6rlosenseelsorgerin im Bereich des Sprengels Hanau der Evangelischen Landeskirche Kurhessen-Waldeck, griff im Gottesdienst die Thematik \u201eGewinnen und Verlieren\u201c mit der biblischen Geschichte vom \u00e2\u20ac\u0161Verlorenen Sohn\u00e2\u20ac\u02dc auf. Sie betonte, dass Gottes Liebe den Menschen immer unverdient zuteil komme.<br \/>\nDie Evangelische Geh\u00f6rlosengemeinde Fulda ist mit ihren Gottesdiensten und Veranstaltungen in den R\u00e4umlichkeiten der Evangelischen Christuskirchengemeinde Fulda zu Gast.<\/p>\n<p>Das Angebot der Geh\u00f6rlosenseelsorge richtet sich an h\u00f6rgesch\u00e4digte und geh\u00f6rlose Menschen und ihre Angeh\u00f6rigen sowie an alle, die gerne Gottesdienst in Geb\u00e4rdensprache mitfeiern oder in Kontakt zu Menschen treten m\u00f6chten, deren Sprache die Geb\u00e4rdensprache ist. Alle Angebote der Geh\u00f6rlosenseelsorge erfolgen in DGS, der deutschen Geb\u00e4rdensprache. Interessierte sind herzlich willkommen.<br \/>\n(www.seelsorge-in-gebaerdensprache.de)<\/p>\n","protected":false},"excerpt":{"rendered":"<div class=\"tmnf_excerpt\"><p>Fulda. Am Sonntag, den 6.7.2014, lud die Evangelische Geh\u00f6rlosenseelsorge im Sprengel Hanau zum diesj\u00e4hrigen Sommerfest der geb\u00e4rdensprachigen Gemeinden Hanau und Fulda in das Evangelische Zentrum, Haus Oranien, nach Fulda ein. Auf dem Au\u00dfengel\u00e4nde des Kindergartens der Evangelischen Christuskirchengemeinde wurde ab dem fr\u00fchen Mittag gegrillt und angeregt in Geb\u00e4rdensprache kommuniziert.\u00c2\u00a0<\/p>\n<\/div>","protected":false},"author":1,"featured_media":0,"comment_status":"closed","ping_status":"closed","sticky":false,"template":"","format":"standard","meta":{"footnotes":""},"categories":[1,50],"tags":[],"class_list":["post-126883","post","type-post","status-publish","format-standard","hentry","category-startseite","category-kirche"],"_links":{"self":[{"href":"https:\/\/www.fuldaernachrichten.de\/index.php?rest_route=\/wp\/v2\/posts\/126883","targetHints":{"allow":["GET"]}}],"collection":[{"href":"https:\/\/www.fuldaernachrichten.de\/index.php?rest_route=\/wp\/v2\/posts"}],"about":[{"href":"https:\/\/www.fuldaernachrichten.de\/index.php?rest_route=\/wp\/v2\/types\/post"}],"author":[{"embeddable":true,"href":"https:\/\/www.fuldaernachrichten.de\/index.php?rest_route=\/wp\/v2\/users\/1"}],"replies":[{"embeddable":true,"href":"https:\/\/www.fuldaernachrichten.de\/index.php?rest_route=%2Fwp%2Fv2%2Fcomments&post=126883"}],"version-history":[{"count":1,"href":"https:\/\/www.fuldaernachrichten.de\/index.php?rest_route=\/wp\/v2\/posts\/126883\/revisions"}],"predecessor-version":[{"id":126884,"href":"https:\/\/www.fuldaernachrichten.de\/index.php?rest_route=\/wp\/v2\/posts\/126883\/revisions\/126884"}],"wp:attachment":[{"href":"https:\/\/www.fuldaernachrichten.de\/index.php?rest_route=%2Fwp%2Fv2%2Fmedia&parent=126883"}],"wp:term":[{"taxonomy":"category","embeddable":true,"href":"https:\/\/www.fuldaernachrichten.de\/index.php?rest_route=%2Fwp%2Fv2%2Fcategories&post=126883"},{"taxonomy":"post_tag","embeddable":true,"href":"https:\/\/www.fuldaernachrichten.de\/index.php?rest_route=%2Fwp%2Fv2%2Ftags&post=126883"}],"curies":[{"name":"wp","href":"https:\/\/api.w.org\/{rel}","templated":true}]}}