{"id":126871,"date":"2014-07-11T00:14:36","date_gmt":"2014-07-11T00:14:36","guid":{"rendered":"http:\/\/www.fuldaer-nachrichten.de\/?p=126871"},"modified":"2014-07-10T19:25:04","modified_gmt":"2014-07-10T19:25:04","slug":"podium-musikschule-die-ambitioniertesten-schueler-treten-auf","status":"publish","type":"post","link":"https:\/\/www.fuldaernachrichten.de\/?p=126871","title":{"rendered":"Podium Musikschule: Die ambitioniertesten Sch\u00fcler treten auf"},"content":{"rendered":"<p>Fulda. Die Musikschule der Stadt Fulda pr\u00e4sentiert am Freitag, den 11. Juli 2014 um 19.00h in der Kapelle des Vonderau Museums ihre ambitioniertesten Sch\u00fcler mit einem anspruchsvollen Konzertprogramm.\u00c2\u00a0 Zu h\u00f6ren sind junge Solisten, die Werke von Johann Sebastian Bach und seinem Sohn Carl Philipp Emanuel, von Claude Debussy, Maurice Ravel, Astor Piazzolla und anderen Komponisten interpretieren werden. Musiziert wird solistisch und\u00c2\u00a0 im Ensemble. Die Sch\u00fcler geh\u00f6ren zu den st\u00e4rksten Nachwuchstalenten, also ein \u201eBest of Musikschule\u201c, welches man nicht verpassen sollte.<\/p>\n","protected":false},"excerpt":{"rendered":"<div class=\"tmnf_excerpt\"><p>Fulda. Die Musikschule der Stadt Fulda pr\u00e4sentiert am Freitag, den 11. Juli 2014 um 19.00h in der Kapelle des Vonderau Museums ihre ambitioniertesten Sch\u00fcler mit einem anspruchsvollen Konzertprogramm.\u00c2\u00a0 Zu h\u00f6ren sind junge Solisten, die Werke von Johann Sebastian Bach und seinem Sohn Carl Philipp Emanuel, von Claude Debussy, Maurice Ravel, Astor Piazzolla und anderen Komponisten &hellip;<\/p>\n<\/div>","protected":false},"author":1,"featured_media":0,"comment_status":"closed","ping_status":"closed","sticky":false,"template":"","format":"standard","meta":{"footnotes":""},"categories":[1,44],"tags":[],"class_list":["post-126871","post","type-post","status-publish","format-standard","hentry","category-startseite","category-kultur"],"_links":{"self":[{"href":"https:\/\/www.fuldaernachrichten.de\/index.php?rest_route=\/wp\/v2\/posts\/126871","targetHints":{"allow":["GET"]}}],"collection":[{"href":"https:\/\/www.fuldaernachrichten.de\/index.php?rest_route=\/wp\/v2\/posts"}],"about":[{"href":"https:\/\/www.fuldaernachrichten.de\/index.php?rest_route=\/wp\/v2\/types\/post"}],"author":[{"embeddable":true,"href":"https:\/\/www.fuldaernachrichten.de\/index.php?rest_route=\/wp\/v2\/users\/1"}],"replies":[{"embeddable":true,"href":"https:\/\/www.fuldaernachrichten.de\/index.php?rest_route=%2Fwp%2Fv2%2Fcomments&post=126871"}],"version-history":[{"count":1,"href":"https:\/\/www.fuldaernachrichten.de\/index.php?rest_route=\/wp\/v2\/posts\/126871\/revisions"}],"predecessor-version":[{"id":126872,"href":"https:\/\/www.fuldaernachrichten.de\/index.php?rest_route=\/wp\/v2\/posts\/126871\/revisions\/126872"}],"wp:attachment":[{"href":"https:\/\/www.fuldaernachrichten.de\/index.php?rest_route=%2Fwp%2Fv2%2Fmedia&parent=126871"}],"wp:term":[{"taxonomy":"category","embeddable":true,"href":"https:\/\/www.fuldaernachrichten.de\/index.php?rest_route=%2Fwp%2Fv2%2Fcategories&post=126871"},{"taxonomy":"post_tag","embeddable":true,"href":"https:\/\/www.fuldaernachrichten.de\/index.php?rest_route=%2Fwp%2Fv2%2Ftags&post=126871"}],"curies":[{"name":"wp","href":"https:\/\/api.w.org\/{rel}","templated":true}]}}