{"id":126866,"date":"2014-07-11T00:15:25","date_gmt":"2014-07-11T00:15:25","guid":{"rendered":"http:\/\/www.fuldaer-nachrichten.de\/?p=126866"},"modified":"2014-07-10T19:23:30","modified_gmt":"2014-07-10T19:23:30","slug":"der-stellberg-ist-wegen-seiner-typischen-vegetation-besonders-schutzwuerdig","status":"publish","type":"post","link":"https:\/\/www.fuldaernachrichten.de\/?p=126866","title":{"rendered":"Der Stellberg ist wegen seiner typischen Vegetation besonders schutzw\u00fcrdig"},"content":{"rendered":"<p><a href=\"http:\/\/www.fuldaer-nachrichten.de\/wp-content\/uploads\/2014\/07\/320-Stellberg-1.jpg\"><img fetchpriority=\"high\" decoding=\"async\" class=\"alignleft size-thumbnail wp-image-126868\" src=\"http:\/\/www.fuldaer-nachrichten.de\/wp-content\/uploads\/2014\/07\/320-Stellberg-1-265x353.jpg\" alt=\"320-Stellberg 1\" width=\"265\" height=\"353\" srcset=\"https:\/\/www.fuldaernachrichten.de\/wp-content\/uploads\/2014\/07\/320-Stellberg-1-265x353.jpg 265w, https:\/\/www.fuldaernachrichten.de\/wp-content\/uploads\/2014\/07\/320-Stellberg-1-198x265.jpg 198w, https:\/\/www.fuldaernachrichten.de\/wp-content\/uploads\/2014\/07\/320-Stellberg-1-450x600.jpg 450w, https:\/\/www.fuldaernachrichten.de\/wp-content\/uploads\/2014\/07\/320-Stellberg-1.jpg 600w\" sizes=\"(max-width: 265px) 100vw, 265px\" \/><\/a>Hofbieber. Das etwa 20 Hektar gro\u00dfe Naturschutzgebiet \u201eStellberg bei Wolferts\u201c liegt \u00f6stlich der genannten Ortschaft im Naturraum \u201eS\u00fcdliche Kuppenrh\u00f6n\u201c. Die bis auf 730 Meter aufragende Kuppe des Stellbergs besteht aus terti\u00e4rem Phonolith, wobei gr\u00f6\u00dfere Fl\u00e4chen der Hangbereiche von Blockschutthalden eingenommen werden. Nur am \u00f6stlichen Rand des Schutzgebiets steht Buntsandstein an.<!--more--><\/p>\n<p>Die gr\u00f6\u00dfte Fl\u00e4che des Areals ist mit naturnahem Wald bewachsen. Dabei werden verschiedene Buchenwaldgesellschaften vor allem in den steilen Mittelhanglagen \u00f6rtlich von Blockschuttwald abgel\u00f6st. Mit einem hohen Anteil an Linden ist dieser seltene Waldtyp recht urspr\u00fcnglich erhalten und daher ausgesprochen schutzw\u00fcrdig. Zudem ist die gro\u00dfe Menge an Alt- und Totholz in diesen Hangw\u00e4ldern hervorzuheben, die insbesondere f\u00fcr h\u00f6hlenbr\u00fctende Vogelarten von gro\u00dfer Bedeutung ist.<\/p>\n<p><a href=\"http:\/\/www.fuldaer-nachrichten.de\/wp-content\/uploads\/2014\/07\/320-Stellberg-2.jpg\"><img decoding=\"async\" class=\"alignleft size-thumbnail wp-image-126869\" src=\"http:\/\/www.fuldaer-nachrichten.de\/wp-content\/uploads\/2014\/07\/320-Stellberg-2-265x198.jpg\" alt=\"320-Stellberg 2\" width=\"265\" height=\"198\" srcset=\"https:\/\/www.fuldaernachrichten.de\/wp-content\/uploads\/2014\/07\/320-Stellberg-2-265x198.jpg 265w, https:\/\/www.fuldaernachrichten.de\/wp-content\/uploads\/2014\/07\/320-Stellberg-2.jpg 600w\" sizes=\"(max-width: 265px) 100vw, 265px\" \/><\/a>Die Waldbereiche in den Rand- und Gipfellagen, die fr\u00fcher intensiv forstwirtschaftlich genutzt wurden, waren \u00fcberwiegend mit Fichten angereichert. Diese Nadelgeh\u00f6lze wurden im Rahmen von Pflegema\u00dfnahmen abgetrieben und nach und nach durch standortheimische Baumarten ersetzt. Dass die B\u00f6den im Bereich des Stellbergs aufgrund des Phonoliths als Ausgangsgestein n\u00e4hrstoffarm und sauer sind, spiegelt sich auch in der Vegetationsdecke deutlich wider.<\/p>\n<p>In diesem Zusammenhang ist das Vorkommen von Drahtschmiele, Wei\u00dfer Hainsimse, Wald-Reitgras sowie Berg-Platterbse und Hunds-Veilchen zu nennen. Ferner sind hier weitere typische Arten krautreicher Laubw\u00e4lder wie Einbl\u00fctiges Perlgras, Mauerlattich, Nesselbl\u00e4ttrige Glockenblume, \u00c4hrige Teufelskralle, Hain-Gilbweiderich, Wald-Bingelkraut, Quirlbl\u00e4ttrige Wei\u00dfwurz, Fuchs-Greiskraut oder Sauerklee anzutreffen. Im Fr\u00fchjahr ist das Buschwindr\u00f6schen weit verbreitet. Das ebenfalls vorhandene, aber weitaus seltenere Gelbe Windr\u00f6schen weist auf feuchtere Standortverh\u00e4ltnisse hin.<\/p>\n<p>Nur einige kleinfl\u00e4chige, randlich gelegene Parzellen auf der Ostseite des Naturschutzgebiets werden als Gr\u00fcnland genutzt. Sie unterliegen einer extensiven Nutzung, um hier die Erhaltung einer m\u00f6glichst gro\u00dfen Artenvielfalt zu gew\u00e4hrleisten.<\/p>\n","protected":false},"excerpt":{"rendered":"<div class=\"tmnf_excerpt\"><p>Hofbieber. Das etwa 20 Hektar gro\u00dfe Naturschutzgebiet \u201eStellberg bei Wolferts\u201c liegt \u00f6stlich der genannten Ortschaft im Naturraum \u201eS\u00fcdliche Kuppenrh\u00f6n\u201c. Die bis auf 730 Meter aufragende Kuppe des Stellbergs besteht aus terti\u00e4rem Phonolith, wobei gr\u00f6\u00dfere Fl\u00e4chen der Hangbereiche von Blockschutthalden eingenommen werden. Nur am \u00f6stlichen Rand des Schutzgebiets steht Buntsandstein an.<\/p>\n<\/div>","protected":false},"author":1,"featured_media":0,"comment_status":"closed","ping_status":"closed","sticky":false,"template":"","format":"standard","meta":{"footnotes":""},"categories":[1],"tags":[],"class_list":["post-126866","post","type-post","status-publish","format-standard","hentry","category-startseite"],"_links":{"self":[{"href":"https:\/\/www.fuldaernachrichten.de\/index.php?rest_route=\/wp\/v2\/posts\/126866","targetHints":{"allow":["GET"]}}],"collection":[{"href":"https:\/\/www.fuldaernachrichten.de\/index.php?rest_route=\/wp\/v2\/posts"}],"about":[{"href":"https:\/\/www.fuldaernachrichten.de\/index.php?rest_route=\/wp\/v2\/types\/post"}],"author":[{"embeddable":true,"href":"https:\/\/www.fuldaernachrichten.de\/index.php?rest_route=\/wp\/v2\/users\/1"}],"replies":[{"embeddable":true,"href":"https:\/\/www.fuldaernachrichten.de\/index.php?rest_route=%2Fwp%2Fv2%2Fcomments&post=126866"}],"version-history":[{"count":1,"href":"https:\/\/www.fuldaernachrichten.de\/index.php?rest_route=\/wp\/v2\/posts\/126866\/revisions"}],"predecessor-version":[{"id":126870,"href":"https:\/\/www.fuldaernachrichten.de\/index.php?rest_route=\/wp\/v2\/posts\/126866\/revisions\/126870"}],"wp:attachment":[{"href":"https:\/\/www.fuldaernachrichten.de\/index.php?rest_route=%2Fwp%2Fv2%2Fmedia&parent=126866"}],"wp:term":[{"taxonomy":"category","embeddable":true,"href":"https:\/\/www.fuldaernachrichten.de\/index.php?rest_route=%2Fwp%2Fv2%2Fcategories&post=126866"},{"taxonomy":"post_tag","embeddable":true,"href":"https:\/\/www.fuldaernachrichten.de\/index.php?rest_route=%2Fwp%2Fv2%2Ftags&post=126866"}],"curies":[{"name":"wp","href":"https:\/\/api.w.org\/{rel}","templated":true}]}}