{"id":12686,"date":"2008-10-10T00:28:56","date_gmt":"2008-10-09T22:28:56","guid":{"rendered":"http:\/\/www.schoene-nachrichten.de\/?p=12686"},"modified":"2008-10-09T20:10:12","modified_gmt":"2008-10-09T18:10:12","slug":"alpenverein-finanziert-schutzhuetten-am-hochrhoener","status":"publish","type":"post","link":"https:\/\/www.fuldaernachrichten.de\/?p=12686","title":{"rendered":"Alpenverein finanziert Schutzh\u00fctten am Hochrh\u00f6ner"},"content":{"rendered":"<p><a rel=\"lightbox[roadtrip]\" href=\"http:\/\/www.schoene-nachrichten.de\/wp-content\/uploads\/2008\/10\/081009-schuetze-3.jpg\" target=\"_blank\"><img decoding=\"async\" class=\"alignnone size-thumbnail wp-image-12687\" title=\"081009-schuetze-3\" src=\"http:\/\/www.schoene-nachrichten.de\/wp-content\/uploads\/2008\/10\/081009-schuetze-3-128x85.jpg\" alt=\"\" hspace=\"5\" width=\"128\" height=\"85\" align=\"left\" srcset=\"https:\/\/www.fuldaernachrichten.de\/wp-content\/uploads\/2008\/10\/081009-schuetze-3-128x85.jpg 128w, https:\/\/www.fuldaernachrichten.de\/wp-content\/uploads\/2008\/10\/081009-schuetze-3.jpg 600w\" sizes=\"(max-width: 128px) 100vw, 128px\" \/><\/a><strong>Weiherberg.<\/strong> Das Bet\u00e4tigungsfeld der Sektion Fulda des Deutschen Alpenvereins erstreckt sich nicht nur auf die Alpen, sondern schlie\u00dft die deutschen Mittelgebirge ein. In der Satzung des knapp zweitausend Mitglieder z\u00e4hlenden Vereins wird als Vereinszweck der Schutz und die Pflege von Natur und Landschaft sowie Tier- und Pflanzenwelt der Alpen und der deutschen Mittelgebirge, insbesondere bei der Aus\u00fcbung des Bergsports und der Unterhaltung von H\u00fctten und Wegen, genannt. Aufgrund der r\u00e4umlichen N\u00e4he liegt der Fuldaer Ortsgruppe dabei vor allem die Rh\u00f6n am Herzen.<!--more-->In der heimischen Umgebung werden regelm\u00e4\u00dfig Wanderungen durchgef\u00fchrt, die unter anderem der Vorbereitung auf Hochgebirgstouren dienen k\u00f6nnen. Wegen ihrer Kletterm\u00f6glichkeiten genie\u00dft die Steinwand besondere Bedeutung. Auch befindet sich die Enzianh\u00fctte am Weiherberg im Eigentum der Fuldaer Sektion. Sie ist gerade bei sch\u00f6nem Wetter ein wahrer Besuchermagnet. Die zahlreichen Ber\u00fchrungspunkte und seine gute Finanzausstattung erlauben es dem Fuldaer Alpenverein, dem Naturpark Hessische Rh\u00f6n bei einer nicht allt\u00e4glichen Sponsoringaktion unter die Arme zu greifen.<\/p>\n<p>Die Ortsgruppe hat f\u00fcnf Schutzh\u00fctten in Fertigbauweise finanziert, die von den Naturpark-Arbeitern an verschiedenen Standorten im Bereich des Pr\u00e4mienwanderwegs \u201eDer Hochrh\u00f6ner\u201c aufgestellt wurden. Die Gesamtkosten belaufen sich auf rund 3.400 Euro. Eine Schutzh\u00fctte steht s\u00fcdlich des Weiherbergs oberhalb von Abtsroda. Dort fand in Anwesenheit weiterer Vorstandsmitglieder auch die symbolische \u00dcbergabe durch den Ersten Vorsitzenden des Fuldaer Alpenvereins, Norbert Weber, an Landrat Bernd Woide statt, der den h\u00f6chst ungew\u00f6hnlichen Charakter der Sponsoringaktion lobte.<\/p>\n<p>Vor einiger Zeit wurden dem Naturpark Hessische Rh\u00f6n, der sich in der alleinigen Tr\u00e4gerschaft des Landkreises Fulda befindet, von der Fuldaer Sektion des Deutschen Alpenvereins bereits 5.000 Euro zur Verf\u00fcgung gestellt. Nach Mitteilung von Naturpark-Gesch\u00e4ftsf\u00fchrer Otto Evers konnte damit ein Teil der Kosten f\u00fcr die naturkundlichen Informationstafeln entlang des Milseburgradwegs finanziert werden. Der Naturpark w\u00fcrde sich freuen, auch in Zukunft vom Alpenverein unterst\u00fctzt zu werden. \u201eEinen entsprechenden Bedarf bei Projekten, die wir alleine nicht realisieren k\u00f6nnen, gibt es immer.\u201c<\/p>\n","protected":false},"excerpt":{"rendered":"<div class=\"tmnf_excerpt\"><p>Weiherberg. Das Bet\u00e4tigungsfeld der Sektion Fulda des Deutschen Alpenvereins erstreckt sich nicht nur auf die Alpen, sondern schlie\u00dft die deutschen Mittelgebirge ein. In der Satzung des knapp zweitausend Mitglieder z\u00e4hlenden Vereins wird als Vereinszweck der Schutz und die Pflege von Natur und Landschaft sowie Tier- und Pflanzenwelt der Alpen und der deutschen Mittelgebirge, insbesondere bei &hellip;<\/p>\n<\/div>","protected":false},"author":1,"featured_media":0,"comment_status":"closed","ping_status":"closed","sticky":false,"template":"","format":"standard","meta":{"footnotes":""},"categories":[1,52],"tags":[],"class_list":["post-12686","post","type-post","status-publish","format-standard","hentry","category-startseite","category-umwelt"],"_links":{"self":[{"href":"https:\/\/www.fuldaernachrichten.de\/index.php?rest_route=\/wp\/v2\/posts\/12686","targetHints":{"allow":["GET"]}}],"collection":[{"href":"https:\/\/www.fuldaernachrichten.de\/index.php?rest_route=\/wp\/v2\/posts"}],"about":[{"href":"https:\/\/www.fuldaernachrichten.de\/index.php?rest_route=\/wp\/v2\/types\/post"}],"author":[{"embeddable":true,"href":"https:\/\/www.fuldaernachrichten.de\/index.php?rest_route=\/wp\/v2\/users\/1"}],"replies":[{"embeddable":true,"href":"https:\/\/www.fuldaernachrichten.de\/index.php?rest_route=%2Fwp%2Fv2%2Fcomments&post=12686"}],"version-history":[{"count":0,"href":"https:\/\/www.fuldaernachrichten.de\/index.php?rest_route=\/wp\/v2\/posts\/12686\/revisions"}],"wp:attachment":[{"href":"https:\/\/www.fuldaernachrichten.de\/index.php?rest_route=%2Fwp%2Fv2%2Fmedia&parent=12686"}],"wp:term":[{"taxonomy":"category","embeddable":true,"href":"https:\/\/www.fuldaernachrichten.de\/index.php?rest_route=%2Fwp%2Fv2%2Fcategories&post=12686"},{"taxonomy":"post_tag","embeddable":true,"href":"https:\/\/www.fuldaernachrichten.de\/index.php?rest_route=%2Fwp%2Fv2%2Ftags&post=12686"}],"curies":[{"name":"wp","href":"https:\/\/api.w.org\/{rel}","templated":true}]}}