{"id":126842,"date":"2014-07-10T07:20:25","date_gmt":"2014-07-10T07:20:25","guid":{"rendered":"http:\/\/www.fuldaer-nachrichten.de\/?p=126842"},"modified":"2014-07-10T07:20:25","modified_gmt":"2014-07-10T07:20:25","slug":"rhoenenergie-geschaeftsfuehrer-martin-heun-erneut-in-asue-vorstand-gewaehlt","status":"publish","type":"post","link":"https:\/\/www.fuldaernachrichten.de\/?p=126842","title":{"rendered":"Rh\u00f6nEnergie-Gesch\u00e4ftsf\u00fchrer Martin Heun erneut in ASUE-Vorstand gew\u00e4hlt"},"content":{"rendered":"<p>Fulda. Martin Heun ist am 1. Juli 2014 erneut f\u00fcr zwei Jahre in den Vorstand der ASUE Arbeitsgemeinschaft f\u00fcr sparsamen und umweltfreundlichen Energieverbrauch e.V. gew\u00e4hlt worden. Der Verband zeigt Entwicklungen, Innovationen und Ideen rund um energetische Modernisierung auf und f\u00f6rdert den verantwortungsvollen Umgang mit Energie.<!--more--><\/p>\n<p>Damit ist der Gesch\u00e4ftsf\u00fchrer der Rh\u00f6nEnergie Fulda zum zweiten Mal Teil des Vorstands und kann die vielf\u00e4ltigen Aktivit\u00e4ten des Verbandes weiterhin auf Bundesebene mitgestalten. Effizienz und Energiesparen seien wichtige, greifbare Themen, die alle Verbraucher angingen, erkl\u00e4rte Heun, \u201eob H\u00e4uslebauer, Vermieter oder Nutzer von energiesparenden Hausger\u00e4ten.\u201c Auf Seiten von Gewerbe und Industrie sei Energieeffizienz schon lange ein wichtiger Faktor, der nicht selten \u00fcber den Unternehmenserfolg entscheide.<\/p>\n<p>Aber auch von Seiten der Politik und Energiewirtschaft bestehe noch viel Handlungsspielraum, so Heun: \u201eWir d\u00fcrfen die Debatte um die Energiewende nicht nur auf die Erzeugungsseite verengen\u201c, warnte der Gesch\u00e4ftsf\u00fchrer. \u201eDie wichtigen Themen Netzausbau, Speichermedien, die Zukunft konventioneller Kraftwerke, Ressourcen- und Energieeffizienz geh\u00f6ren zusammen.\u201c Diesem ganzheitlichen Ansatz sehe sich die Gaswirtschaft heute verpflichtet, denn sie k\u00f6nne viel dazu beitragen, die ehrgeizigen Energieeffizienz- und Klimaschutzziele zu erreichen: etwa durch moderne Kraft-W\u00e4rme-Kopplungsanlagen oder Bio-Erdgas.<\/p>\n<p>Die Rh\u00f6nEnergie Fulda ist Mitglied in der ASUE, ebenso wie das Vorg\u00e4ngerunternehmen, die Gas- und Wasserversorgung Fulda. Unter anderem veranstaltet die ASUE die erfolgreiche, deutschlandweite Vortragsreihe \u201eEffizienzdialog\u201c. In diesem Rahmen werden aktuelle Themen rund um den sinnvollen Umgang mit Energie vorgestellt und diskutiert.<\/p>\n","protected":false},"excerpt":{"rendered":"<div class=\"tmnf_excerpt\"><p>Fulda. Martin Heun ist am 1. Juli 2014 erneut f\u00fcr zwei Jahre in den Vorstand der ASUE Arbeitsgemeinschaft f\u00fcr sparsamen und umweltfreundlichen Energieverbrauch e.V. gew\u00e4hlt worden. Der Verband zeigt Entwicklungen, Innovationen und Ideen rund um energetische Modernisierung auf und f\u00f6rdert den verantwortungsvollen Umgang mit Energie.<\/p>\n<\/div>","protected":false},"author":1,"featured_media":0,"comment_status":"closed","ping_status":"closed","sticky":false,"template":"","format":"standard","meta":{"footnotes":""},"categories":[1,29],"tags":[],"class_list":["post-126842","post","type-post","status-publish","format-standard","hentry","category-startseite","category-politik"],"_links":{"self":[{"href":"https:\/\/www.fuldaernachrichten.de\/index.php?rest_route=\/wp\/v2\/posts\/126842","targetHints":{"allow":["GET"]}}],"collection":[{"href":"https:\/\/www.fuldaernachrichten.de\/index.php?rest_route=\/wp\/v2\/posts"}],"about":[{"href":"https:\/\/www.fuldaernachrichten.de\/index.php?rest_route=\/wp\/v2\/types\/post"}],"author":[{"embeddable":true,"href":"https:\/\/www.fuldaernachrichten.de\/index.php?rest_route=\/wp\/v2\/users\/1"}],"replies":[{"embeddable":true,"href":"https:\/\/www.fuldaernachrichten.de\/index.php?rest_route=%2Fwp%2Fv2%2Fcomments&post=126842"}],"version-history":[{"count":1,"href":"https:\/\/www.fuldaernachrichten.de\/index.php?rest_route=\/wp\/v2\/posts\/126842\/revisions"}],"predecessor-version":[{"id":126843,"href":"https:\/\/www.fuldaernachrichten.de\/index.php?rest_route=\/wp\/v2\/posts\/126842\/revisions\/126843"}],"wp:attachment":[{"href":"https:\/\/www.fuldaernachrichten.de\/index.php?rest_route=%2Fwp%2Fv2%2Fmedia&parent=126842"}],"wp:term":[{"taxonomy":"category","embeddable":true,"href":"https:\/\/www.fuldaernachrichten.de\/index.php?rest_route=%2Fwp%2Fv2%2Fcategories&post=126842"},{"taxonomy":"post_tag","embeddable":true,"href":"https:\/\/www.fuldaernachrichten.de\/index.php?rest_route=%2Fwp%2Fv2%2Ftags&post=126842"}],"curies":[{"name":"wp","href":"https:\/\/api.w.org\/{rel}","templated":true}]}}