{"id":126822,"date":"2014-07-10T06:34:16","date_gmt":"2014-07-10T06:34:16","guid":{"rendered":"http:\/\/www.fuldaer-nachrichten.de\/?p=126822"},"modified":"2014-07-10T06:34:16","modified_gmt":"2014-07-10T06:34:16","slug":"die-freie-wohlfahrtspflege-als-wirtschaftsfaktor-im-vogelsbergkreis","status":"publish","type":"post","link":"https:\/\/www.fuldaernachrichten.de\/?p=126822","title":{"rendered":"Die Freie Wohlfahrtspflege als Wirtschaftsfaktor im Vogelsbergkreis"},"content":{"rendered":"<p>Lauterbach. Die Kreisgruppe Vogelsbergkreis des PARIT\u00c4TISCHEN Hessen l\u00e4dt ein zum Parit\u00e4tischen Gespr\u00e4ch mit dem Thema: Die Freie Wohlfahrtspflege als Wirtschaftsfaktor im Vogelsbergkreis am 16. Juli 2014, von 18.00 Uhr \u2013 20.00 Uhr im Veranstaltungsraum der Sparkasse Lauterbach, Bahnhofstr. 47.\u00c2\u00a0<!--more--><\/p>\n<p>Gast ist Regine Schuster, Stellv. Landesgesch\u00e4ftsf\u00fchrerin d. PARIT\u00c4TISCHEN Wohlfahrtsverbands Rheinland-Pfalz\/Saarland und Vorsitzende der Liga der Freien Wohlfahrtspflege Rheinland Pfalz. Vorgestellt wird unter anderem die Studie \u201eMehrWertSch\u00f6pfung\u201c &#8211; Die Freie Wohlfahrtspflege als Wirtschaftsfaktor in Rheinland-Pfalz.<\/p>\n<p>Die Einrichtungen der Freien Wohlfahrtspflege im Vogelsbergkreis sind wie \u00fcberall Teil der Sozialwirtschaft und wirken nach Kr\u00e4ften auf eine solidarische, inklusive Gesellschaft hin. Sie leisten f\u00fcr die soziale Gestaltung unserer Gesellschaft einen wesentlichen Beitrag und sind gleichzeitig Teil unseres Wirtschaftssystems. Oft wird dieser Teil der Sozialwirtschaft allerdings eher als Kostenfaktor wahrgenommen. Doch die Freie Wohlfahrtspflege tr\u00e4gt zur allgemeinen Wertsch\u00f6pfung und zum regionalen Mehrwert entscheidend bei.<\/p>\n<p>Dies ist in der Studie \u201eMehrWertSch\u00f6pfung\u201c f\u00fcr Rheinland-Pfalz beeindruckend belegt worden. Regine Schuster, Vorsitzende der Liga der Freien Wohlfahrtspflege in Rheinland-Pfalz, wird die Ergebnisse dieser Studie zu Beginn des diesj\u00e4hrigen PARIT\u00c4TISCHEN Gespr\u00e4chs darstellen. In weiteren Beitr\u00e4gen wird anhand von Daten und Fakten \u00fcber die Sozialwirtschaft im Vogelsbergkreis n\u00e4her informiert. Vor diesem Hintergrund m\u00f6chten wir mit Akteuren aus Politik und Wirtschaft dar\u00fcber sprechen, welche Bedeutung der Sozialwirtschaft auch im Vogelsbergkreis zukommt.<\/p>\n","protected":false},"excerpt":{"rendered":"<div class=\"tmnf_excerpt\"><p>Lauterbach. Die Kreisgruppe Vogelsbergkreis des PARIT\u00c4TISCHEN Hessen l\u00e4dt ein zum Parit\u00e4tischen Gespr\u00e4ch mit dem Thema: Die Freie Wohlfahrtspflege als Wirtschaftsfaktor im Vogelsbergkreis am 16. Juli 2014, von 18.00 Uhr \u2013 20.00 Uhr im Veranstaltungsraum der Sparkasse Lauterbach, Bahnhofstr. 47.\u00c2\u00a0<\/p>\n<\/div>","protected":false},"author":1,"featured_media":0,"comment_status":"closed","ping_status":"closed","sticky":false,"template":"","format":"standard","meta":{"footnotes":""},"categories":[1,29],"tags":[],"class_list":["post-126822","post","type-post","status-publish","format-standard","hentry","category-startseite","category-politik"],"_links":{"self":[{"href":"https:\/\/www.fuldaernachrichten.de\/index.php?rest_route=\/wp\/v2\/posts\/126822","targetHints":{"allow":["GET"]}}],"collection":[{"href":"https:\/\/www.fuldaernachrichten.de\/index.php?rest_route=\/wp\/v2\/posts"}],"about":[{"href":"https:\/\/www.fuldaernachrichten.de\/index.php?rest_route=\/wp\/v2\/types\/post"}],"author":[{"embeddable":true,"href":"https:\/\/www.fuldaernachrichten.de\/index.php?rest_route=\/wp\/v2\/users\/1"}],"replies":[{"embeddable":true,"href":"https:\/\/www.fuldaernachrichten.de\/index.php?rest_route=%2Fwp%2Fv2%2Fcomments&post=126822"}],"version-history":[{"count":1,"href":"https:\/\/www.fuldaernachrichten.de\/index.php?rest_route=\/wp\/v2\/posts\/126822\/revisions"}],"predecessor-version":[{"id":126823,"href":"https:\/\/www.fuldaernachrichten.de\/index.php?rest_route=\/wp\/v2\/posts\/126822\/revisions\/126823"}],"wp:attachment":[{"href":"https:\/\/www.fuldaernachrichten.de\/index.php?rest_route=%2Fwp%2Fv2%2Fmedia&parent=126822"}],"wp:term":[{"taxonomy":"category","embeddable":true,"href":"https:\/\/www.fuldaernachrichten.de\/index.php?rest_route=%2Fwp%2Fv2%2Fcategories&post=126822"},{"taxonomy":"post_tag","embeddable":true,"href":"https:\/\/www.fuldaernachrichten.de\/index.php?rest_route=%2Fwp%2Fv2%2Ftags&post=126822"}],"curies":[{"name":"wp","href":"https:\/\/api.w.org\/{rel}","templated":true}]}}