{"id":126816,"date":"2014-07-10T06:30:18","date_gmt":"2014-07-10T06:30:18","guid":{"rendered":"http:\/\/www.fuldaer-nachrichten.de\/?p=126816"},"modified":"2014-07-10T06:30:18","modified_gmt":"2014-07-10T06:30:18","slug":"tag-fuer-firmlinge-im-st-bonifatiuskloster-huenfeld","status":"publish","type":"post","link":"https:\/\/www.fuldaernachrichten.de\/?p=126816","title":{"rendered":"Tag f\u00fcr Firmlinge im St. Bonifatiuskloster H\u00fcnfeld"},"content":{"rendered":"<p><a href=\"http:\/\/www.fuldaer-nachrichten.de\/wp-content\/uploads\/2014\/07\/DSC_75381.jpg\"><img decoding=\"async\" class=\"alignleft size-thumbnail wp-image-126818\" src=\"http:\/\/www.fuldaer-nachrichten.de\/wp-content\/uploads\/2014\/07\/DSC_75381-265x176.jpg\" alt=\"DSC_7538\" width=\"265\" height=\"176\" srcset=\"https:\/\/www.fuldaernachrichten.de\/wp-content\/uploads\/2014\/07\/DSC_75381-265x176.jpg 265w, https:\/\/www.fuldaernachrichten.de\/wp-content\/uploads\/2014\/07\/DSC_75381.jpg 600w\" sizes=\"(max-width: 265px) 100vw, 265px\" \/><\/a> H\u00fcnfeld. Am Samstag, dem 5. Juli 2014 war richtig was los im St. Bonifatiuskloster in H\u00fcnfeld. 150 Firmlinge waren zum \u201eTag f\u00fcr Firmlinge\u201c unter dem Titel \u201eWer\u00e2\u20ac\u2122s glaubt wird selig\u201c nach H\u00fcnfeld gekommen. Der Tag begann mit einem gemeinsamen Programm in der Klosterkirche. Pater Martin Wolf OMI und Pater Jens Watteroth OMI f\u00fchrten die Jugendlichen mit einer Katechese in das Thema des Tages ein, mit dem sich die Jugendlichen anschlie\u00dfend kreativ und kritisch auseinandersetzten. \u201eWas bedeutet es eigentlich an Gott zu glauben?\u201c diese Frage stand im Mittelpunkt, \u201enicht nur \u00e2\u20ac\u0161f\u00fcr-wahr-halten\u00e2\u20ac\u02dc, dass es Gott gibt, sondern vor allem, sich ihm anvertrauen\u201c, so P. Jens Watteroth in der Katechese.<!--more--><\/p>\n<p>Am Nachmittag konnten die Jugendlichen in verschiedenen Workshops ihrem eigenen Glauben neu auf die Spur kommen. Kreativ umgesetzt wurden die Gaben des Heiligen Geistes, aktiv ausprobiert, was eine gute Gemeinschaft bewirken kann im Niederseilgarten des Klosters. Pers\u00f6nlich wurde es im Workshop mit der Frage und der Suche nach den eigenen Lebenszielen und der Rolle Gottes dabei, Mut brauchte man bei einem missionarischen Workshop, der in die Innenstadt H\u00fcnfelds f\u00fchrte. So war f\u00fcr jeden etwas dabei: \u201eIch habe heute erlebt, dass Kirche richtig Spa\u00df machen kann\u201c, so einer der Jugendlichen. W\u00e4hrend die Jugendlichen sich so kreativ und aktiv mit dem Glauben auseinandersetzten, konnten die erwachsenen Begleiter und Firmkatecheten bei einem eigenen Programm in Austausch und Kontakt kommen, was ebenfalls gut angenommen wurde.<\/p>\n<p><a href=\"http:\/\/www.fuldaer-nachrichten.de\/wp-content\/uploads\/2014\/07\/DSC_73981.jpg\"><img decoding=\"async\" class=\"alignleft size-thumbnail wp-image-126820\" src=\"http:\/\/www.fuldaer-nachrichten.de\/wp-content\/uploads\/2014\/07\/DSC_73981-265x176.jpg\" alt=\"DSC_7398\" width=\"265\" height=\"176\" srcset=\"https:\/\/www.fuldaernachrichten.de\/wp-content\/uploads\/2014\/07\/DSC_73981-265x176.jpg 265w, https:\/\/www.fuldaernachrichten.de\/wp-content\/uploads\/2014\/07\/DSC_73981.jpg 600w\" sizes=\"(max-width: 265px) 100vw, 265px\" \/><\/a>Einer der H\u00f6hepunkte des Tages war die Jugendmesse, die am Abend in der Klosterkirche stattfand und vom OMI-Klosterchor musikalisch gestaltet wurde. Den ganzen Tag \u00fcber herrschte eine gute Stimmung unter den Jugendlichen, die unter anderem aus Bad Orb, Hosenfeld, Schletzenhausen, Jossa, Gro\u00dfenl\u00fcder, Bimbach, Kleinl\u00fcder, M\u00fcs und Bad Salzschlirf nach H\u00fcnfeld gekommen waren. \u201eEs war ein gelungener Tag\u201c, so P. Jens Watteroth, Jugendseelsorger im St. Bonifatiuskloster, \u201edie Jugendlichen konnten eine gro\u00dfe Gemeinschaft von Jugendlichen aus vielen anderen Pfarreien erleben und hoffentlich ein paar Impulse f\u00fcr das eigene Christsein in ihrem Alltag mitnehmen.\u201c<\/p>\n<p>Weiter sagt er: \u201eEs ist bereits das zweite Mal, dass wir dieses Angebot machen, was nur m\u00f6glich ist, weil wir zahlreiche Helferinnen und Helfer haben, die uns ehrenamtlich unterst\u00fctzen. Denen sind wir sehr dankbar.\u201c Gestaltet und durchgef\u00fchrt wurde der Tag von einem Team aus Oblatenpatres und jungen Erwachsenen, die der Ordensgemeinschaft verbunden sind.<\/p>\n<p>Im kommenden Jahr wird es voraussichtlich wieder ein \u00e4hnliches Angebot geben. Kommenden Samstag sind aber zun\u00e4chst die Erstkommunionkinder zu einem eigenen Aktionstag ins Bonifatiuskloster eingeladen.<\/p>\n","protected":false},"excerpt":{"rendered":"<div class=\"tmnf_excerpt\"><p>H\u00fcnfeld. Am Samstag, dem 5. Juli 2014 war richtig was los im St. Bonifatiuskloster in H\u00fcnfeld. 150 Firmlinge waren zum \u201eTag f\u00fcr Firmlinge\u201c unter dem Titel \u201eWer\u00e2\u20ac\u2122s glaubt wird selig\u201c nach H\u00fcnfeld gekommen. Der Tag begann mit einem gemeinsamen Programm in der Klosterkirche. Pater Martin Wolf OMI und Pater Jens Watteroth OMI f\u00fchrten die Jugendlichen &hellip;<\/p>\n<\/div>","protected":false},"author":1,"featured_media":0,"comment_status":"closed","ping_status":"closed","sticky":false,"template":"","format":"standard","meta":{"footnotes":""},"categories":[1,50],"tags":[],"class_list":["post-126816","post","type-post","status-publish","format-standard","hentry","category-startseite","category-kirche"],"_links":{"self":[{"href":"https:\/\/www.fuldaernachrichten.de\/index.php?rest_route=\/wp\/v2\/posts\/126816","targetHints":{"allow":["GET"]}}],"collection":[{"href":"https:\/\/www.fuldaernachrichten.de\/index.php?rest_route=\/wp\/v2\/posts"}],"about":[{"href":"https:\/\/www.fuldaernachrichten.de\/index.php?rest_route=\/wp\/v2\/types\/post"}],"author":[{"embeddable":true,"href":"https:\/\/www.fuldaernachrichten.de\/index.php?rest_route=\/wp\/v2\/users\/1"}],"replies":[{"embeddable":true,"href":"https:\/\/www.fuldaernachrichten.de\/index.php?rest_route=%2Fwp%2Fv2%2Fcomments&post=126816"}],"version-history":[{"count":1,"href":"https:\/\/www.fuldaernachrichten.de\/index.php?rest_route=\/wp\/v2\/posts\/126816\/revisions"}],"predecessor-version":[{"id":126821,"href":"https:\/\/www.fuldaernachrichten.de\/index.php?rest_route=\/wp\/v2\/posts\/126816\/revisions\/126821"}],"wp:attachment":[{"href":"https:\/\/www.fuldaernachrichten.de\/index.php?rest_route=%2Fwp%2Fv2%2Fmedia&parent=126816"}],"wp:term":[{"taxonomy":"category","embeddable":true,"href":"https:\/\/www.fuldaernachrichten.de\/index.php?rest_route=%2Fwp%2Fv2%2Fcategories&post=126816"},{"taxonomy":"post_tag","embeddable":true,"href":"https:\/\/www.fuldaernachrichten.de\/index.php?rest_route=%2Fwp%2Fv2%2Ftags&post=126816"}],"curies":[{"name":"wp","href":"https:\/\/api.w.org\/{rel}","templated":true}]}}