{"id":126802,"date":"2014-07-10T06:19:31","date_gmt":"2014-07-10T06:19:31","guid":{"rendered":"http:\/\/www.fuldaer-nachrichten.de\/?p=126802"},"modified":"2014-07-10T06:19:31","modified_gmt":"2014-07-10T06:19:31","slug":"gemeinsam-in-die-zukunft-auftaktveranstaltung-zum-11-deutschen-seniorentag","status":"publish","type":"post","link":"https:\/\/www.fuldaernachrichten.de\/?p=126802","title":{"rendered":"&#8220;Gemeinsam in die Zukunft!&#8221; Auftaktveranstaltung zum 11. Deutschen Seniorentag"},"content":{"rendered":"<p>Frankfurt. Vom 2. bis 4. Juli 2015 geht es im Congress Centrum Messe Frankfurt um ein m\u00f6glichst aktives, gesundes und engagiertes \u00c4lterwerden. Schirmherrin des 11. Deutschen Seniorentages, der zum ersten Mal in Frankfurt am Main stattfindet, ist Bundeskanzlerin Angela Merkel, die die Veranstaltung gemeinsam mit der Bundesministerin f\u00fcr Familie, Senioren, Frauen und Jugend, dem hessischen Ministerpr\u00e4sidenten und dem Oberb\u00fcrgermeister der Stadt Frankfurt er\u00f6ffnen wird.<!--more--><\/p>\n<p>Mit dem Motto \u201eGemeinsam in die Zukunft!\u201c m\u00f6chte der Deutsche Seniorentag ein Zeichen setzen f\u00fcr mehr Gemeinschaft und Miteinander. Das Motto versteht sich als Aufruf zu konstruktivem Handeln in Gesellschaft und Politik. Und es fordert alle auf, ihren Teil der Verantwortung zu \u00fcbernehmen \u2013 f\u00fcr eine lebenswerte Zukunft. An drei Tagen gibt es etwa 100 Einzelveranstaltungen zum Zuh\u00f6ren, Mitdiskutieren und Mitmachen.<\/p>\n<p>Auf der begleitenden Messe SenNova erwarten die Besucherinnen und Besucher interessante Parcours, kostenfreie Gesundheitstests, ein vielf\u00e4ltiges B\u00fchnenprogramm sowie fachliche Beratung. Bundesweite und regionale Aussteller informieren \u00fcber Produkte und Dienstleistungen, die den Anspr\u00fcchen einer \u00e4lter werdenden Kundschaft gerecht werden. Verb\u00e4nde und Vereine laden ebenfalls dazu ein, ihre Angebote kennenzulernen und miteinander ins Gespr\u00e4ch zu kommen. Am Abend des 2. Juli 2015 wird im Kaiserdom St. Bartholom\u00e4usein \u00f6kumenischer Gottesdienst gefeiert.<\/p>\n<p>Ein Jahr vor dem Gro\u00dfereignis informierte die Bundesarbeitsgemeinschaft der Senioren-Organisationen (BAGSO), die die Deutschen Seniorentage gemeinsam mit ihren \u00fcber 100 Mitgliedsverb\u00e4nden veranstaltet, \u00fcber Planungsstand und Beteiligungsm\u00f6glichkeiten. Der Einladung von Oberb\u00fcrgermeister Peter Feldmann in den Frankfurter R\u00f6mer folgten etwa 200 Vertreterinnen und Vertreter von Seniorenverb\u00e4nden, Vereinen und Organisationen.<\/p>\n<p>In seiner Begr\u00fc\u00dfung sagte Feldmann: \u201eFrankfurt ist eine Gro\u00dfstadt mit hoher Lebensqualit\u00e4t. \u00c4ltere Menschen ziehen, wenn sie in den Ruhestand gehen, nicht mehr raus aus der Stadt. Einige entscheiden sich sogar daf\u00fcr nach Frankfurt zu ziehen. Unsere gute Infrastruktur, die kurze Wege, das breite Kulturangebot, viel Gr\u00fcn sowie gute Fach\u00e4rzte sind entscheidende Faktoren. Die Stadt Frankfurt und ihre Partner in den Bereichen Soziales, Wohnen und Verkehr verfolgen gemeinsam innovative Ans\u00e4tze in der Seniorenpolitik. Es ist f\u00fcr Frankfurt eine gro\u00dfe Freude, Gastgeber des Deutschen Seniorentags 2015 zu sein.\u201c<\/p>\n<p>\u201eVom 11. Deutschen Seniorentag wird die Botschaft ausgehen: \u00e2\u20ac\u0161Nehmen Sie, die Senioren und Seniorinnen von heute, aber auch die Seniorinnen und Senioren von morgen und \u00fcbermorgen, ihr \u00c4lterwerden selbst in die Hand! Es gibt viele M\u00f6glichkeiten, sich in die Gesellschaft einzubringen, sich zu engagieren, &#8211; aber auch f\u00fcr das eigene \u00c4lterwerden vorzusorgen. Gemeinsam werden wir es schaffen, die Herausforderungen der Zukunft zu meistern\u00e2\u20ac\u02dc, so die Vorsitzende der BAGSO, die Alternswissenschaftlerin und ehemalige Bundesfamilienministerin Prof. Dr. Ursula Lehr.<\/p>\n<p>Die Deutschen Seniorentage finden alle drei Jahre \u2013 \u00e4hnlich wie die Kirchentage \u2013 jeweils an einem anderen Ort statt. Sie bieten nicht nur etwas f\u00fcr diejenigen, die sich haupt- und ehrenamtlich in der Seniorenarbeit engagieren, sondern f\u00fcr alle, die sich mit Fragen der gesundheitlichen Vorsorge, des Wohnens im Alter oder der Pflege von Angeh\u00f6rigen auseinandersetzen. Im Vordergrund stehen Information, Unterhaltung und Begegnung. Viele \u201eMitmach-Angebote\u201c geben Gelegenheit, etwas f\u00fcr die k\u00f6rperliche und geistige Fitness zu tun. Ein kulturelles Rahmenprogramm sorgt f\u00fcr Unterhaltung.<\/p>\n<p>Unterst\u00fctzt wird der 11. Deutsche Seniorentag vom Bundesministerium f\u00fcr Familie, Senioren, Frauen und Jugend (BMFSFJ), vom Hessischen Ministerium f\u00fcr Soziales und Integration (HMSI) sowie von der Stadt Frankfurt am Main. Unternehmen sind eingeladen, sich wie Pfizer Deutschland GmbH als Sponsor und Aussteller zu beteiligen.<\/p>\n","protected":false},"excerpt":{"rendered":"<div class=\"tmnf_excerpt\"><p>Frankfurt. Vom 2. bis 4. Juli 2015 geht es im Congress Centrum Messe Frankfurt um ein m\u00f6glichst aktives, gesundes und engagiertes \u00c4lterwerden. Schirmherrin des 11. Deutschen Seniorentages, der zum ersten Mal in Frankfurt am Main stattfindet, ist Bundeskanzlerin Angela Merkel, die die Veranstaltung gemeinsam mit der Bundesministerin f\u00fcr Familie, Senioren, Frauen und Jugend, dem hessischen &hellip;<\/p>\n<\/div>","protected":false},"author":1,"featured_media":0,"comment_status":"closed","ping_status":"closed","sticky":false,"template":"","format":"standard","meta":{"footnotes":""},"categories":[1,51],"tags":[],"class_list":["post-126802","post","type-post","status-publish","format-standard","hentry","category-startseite","category-medizin"],"_links":{"self":[{"href":"https:\/\/www.fuldaernachrichten.de\/index.php?rest_route=\/wp\/v2\/posts\/126802","targetHints":{"allow":["GET"]}}],"collection":[{"href":"https:\/\/www.fuldaernachrichten.de\/index.php?rest_route=\/wp\/v2\/posts"}],"about":[{"href":"https:\/\/www.fuldaernachrichten.de\/index.php?rest_route=\/wp\/v2\/types\/post"}],"author":[{"embeddable":true,"href":"https:\/\/www.fuldaernachrichten.de\/index.php?rest_route=\/wp\/v2\/users\/1"}],"replies":[{"embeddable":true,"href":"https:\/\/www.fuldaernachrichten.de\/index.php?rest_route=%2Fwp%2Fv2%2Fcomments&post=126802"}],"version-history":[{"count":1,"href":"https:\/\/www.fuldaernachrichten.de\/index.php?rest_route=\/wp\/v2\/posts\/126802\/revisions"}],"predecessor-version":[{"id":126803,"href":"https:\/\/www.fuldaernachrichten.de\/index.php?rest_route=\/wp\/v2\/posts\/126802\/revisions\/126803"}],"wp:attachment":[{"href":"https:\/\/www.fuldaernachrichten.de\/index.php?rest_route=%2Fwp%2Fv2%2Fmedia&parent=126802"}],"wp:term":[{"taxonomy":"category","embeddable":true,"href":"https:\/\/www.fuldaernachrichten.de\/index.php?rest_route=%2Fwp%2Fv2%2Fcategories&post=126802"},{"taxonomy":"post_tag","embeddable":true,"href":"https:\/\/www.fuldaernachrichten.de\/index.php?rest_route=%2Fwp%2Fv2%2Ftags&post=126802"}],"curies":[{"name":"wp","href":"https:\/\/api.w.org\/{rel}","templated":true}]}}