{"id":126790,"date":"2014-07-09T00:14:17","date_gmt":"2014-07-09T00:14:17","guid":{"rendered":"http:\/\/www.fuldaer-nachrichten.de\/?p=126790"},"modified":"2014-07-08T16:31:03","modified_gmt":"2014-07-08T16:31:03","slug":"rund-400-kinder-und-jugendliche-besuchen-den-mini-tag-des-bdkj-fulda","status":"publish","type":"post","link":"https:\/\/www.fuldaernachrichten.de\/?p=126790","title":{"rendered":"Rund 400 Kinder und Jugendliche besuchen den Mini-Tag des BDKJ Fulda"},"content":{"rendered":"<p>Fulda. Ein buntes Programm erwartete die zahlreichen MinistrantInnen und ihre BetreuerInnen aus dem ganzen Bistum an der Veranstaltungsmulde auf dem ehemaligen Landesgartenschaugel\u00e4nde. Emma (11) und Julian (13) aus Marburg sind ganz fr\u00fch aufgestanden, um rechtzeitig in Fulda sein. F\u00fcr sie ist ein Ausflug mit ihrer MinistrantInnengruppe immer etwas Besonderes. Etwa alle zwei Jahre kommen die MessdienerInnen des Bistums zusammen. \u201eSo ein Tag ist echt cool. Ich kann viele tolle Sachen machen und mit anderen Kindern spielen.\u201c, sagte Julian begeistert.<!--more--><\/p>\n<p>Die Kinder und Jugendliche waren schon bei der Anreise ganz aufgeregt und konnten es kaum erwarten, H\u00fcpfburg, Menschenkicker und Spielmobil in Beschlag zu nehmen. Die Mitgliedsverb\u00e4nde des BDKJ Fulda und ihre ehrenamtlich engagierten Jugendlichen stellten gemeinsam mit dem Bisch\u00f6flichen Jugendamt und weiteren Einrichtungen und Initiativen Fuldas ein beeindruckendes Programm auf die Beine: TapeArt, Buttonmaschine, Bilderrahmen, tierischer Armschmuck, Gipsmasken und vieles mehr. Die Kreishandwerkerschaft war auch vor Ort und sorgte mit ihrem Handwerkerparcours f\u00fcr viel Spa\u00df.<\/p>\n<p>Bei spannenden Exkursionen konnten die \u201eMinis\u201c Fulda entdecken. Neben F\u00fchrungen im Dom, der Moschee und der Stadtpfarrkirche besuchten die Kinder und Jugendlichen etwa auch das Planetarium, die Feuerwache, die Rundfunkabteilung des Bistums und viele weitere spannende Orte.<\/p>\n<p>BDKJ-Pr\u00e4ses und Jugendpfarrer Thomas Renze begr\u00fc\u00dfte die aus dem ganzen Bistum angereisten MinistrantInnengruppen herzlich und erkl\u00e4rte: \u201eIhr MessdienerInnen seid \u00e2\u20ac\u0161Diener for One\u00e2\u20ac\u02dc, so unser heutiges Tagesmotto. Ihr dient Jesus Christus auf vielf\u00e4ltige Weise, doch er nennt euch nicht Diener sondern Freude. Als MessdienerInnen bildet ihr eine tolle Gemeinschaft und seid Freunde Jesu!\u201c<\/p>\n<p>\u201eDer Tag war ein voller Erfolg\u201c, stellte BDKJ-Vorsitzende Katharina Schick fest. \u201eAls Dachverband katholischer Kinder- und Jugendverb\u00e4nde liegen uns auch die MinistrantInnen am Herzen. Wir wollen uns mit diesem Tag bei ihnen f\u00fcr ihr Engagement bedanken und zeigen, dass sie wichtiger Teil der jungen Kirche sind.\u201c<\/p>\n<p>Zum Abschluss des Tages zelebrierte Weihbischof Prof. Dr. Karlheinz Diez die Heilige Messe. Er dr\u00fcckt den MessdienerInnen seine Anerkennung aus und sagt: \u201eIch finde es toll, wie ihr in eurem Dienst, in eurem Engagement f\u00fcr Kirche und Gemeinschaft, Zeugnis ablegt.\u201c Musikalisch unterst\u00fctzt wurde er von der Band Exhalation aus Petersberg.<\/p>\n<p>Die Referentin f\u00fcr religi\u00f6se Bildung Andrea Koob bedanke sich bei allen MinistrantInnen, HelferInnen und BetreuerInnen f\u00fcr ihr Kommen und ihre Unterst\u00fctzung und versicherte: \u201eEs wird bald wieder einen Mini-Tag geben.\u201c<\/p>\n<p>Am MinistrantInnen-Tag 2014 in Fulda waren folgende Einrichtungen und Verb\u00e4nde an der Organisation und Durchf\u00fchrung beteiligt: Bisch\u00f6fliches Jugendamt, Bund der Deutschen Katholischen Jugend (BDKJ), Caritas Fulda, Deutsche Pfadfinderschaft St. Georg (DPSG), Familienbildungsst\u00e4tte Helene-Weber-Haus, Katholische Jugend Fulda (KJF), Katholische junge Gemeinde (KjG), Katholische Landjugendbewegung (KLJB), Katholisches Jugendbildungsreferat Kassel, Kolpingjugend, Kreishandwerkerschaft Fulda, Malteser Jugend und die \u00d6kumenische Jugendgruppe Bad Hersfeld.<\/p>\n","protected":false},"excerpt":{"rendered":"<div class=\"tmnf_excerpt\"><p>Fulda. Ein buntes Programm erwartete die zahlreichen MinistrantInnen und ihre BetreuerInnen aus dem ganzen Bistum an der Veranstaltungsmulde auf dem ehemaligen Landesgartenschaugel\u00e4nde. Emma (11) und Julian (13) aus Marburg sind ganz fr\u00fch aufgestanden, um rechtzeitig in Fulda sein. F\u00fcr sie ist ein Ausflug mit ihrer MinistrantInnengruppe immer etwas Besonderes. Etwa alle zwei Jahre kommen die &hellip;<\/p>\n<\/div>","protected":false},"author":1,"featured_media":0,"comment_status":"closed","ping_status":"closed","sticky":false,"template":"","format":"standard","meta":{"footnotes":""},"categories":[1,50],"tags":[],"class_list":["post-126790","post","type-post","status-publish","format-standard","hentry","category-startseite","category-kirche"],"_links":{"self":[{"href":"https:\/\/www.fuldaernachrichten.de\/index.php?rest_route=\/wp\/v2\/posts\/126790","targetHints":{"allow":["GET"]}}],"collection":[{"href":"https:\/\/www.fuldaernachrichten.de\/index.php?rest_route=\/wp\/v2\/posts"}],"about":[{"href":"https:\/\/www.fuldaernachrichten.de\/index.php?rest_route=\/wp\/v2\/types\/post"}],"author":[{"embeddable":true,"href":"https:\/\/www.fuldaernachrichten.de\/index.php?rest_route=\/wp\/v2\/users\/1"}],"replies":[{"embeddable":true,"href":"https:\/\/www.fuldaernachrichten.de\/index.php?rest_route=%2Fwp%2Fv2%2Fcomments&post=126790"}],"version-history":[{"count":1,"href":"https:\/\/www.fuldaernachrichten.de\/index.php?rest_route=\/wp\/v2\/posts\/126790\/revisions"}],"predecessor-version":[{"id":126791,"href":"https:\/\/www.fuldaernachrichten.de\/index.php?rest_route=\/wp\/v2\/posts\/126790\/revisions\/126791"}],"wp:attachment":[{"href":"https:\/\/www.fuldaernachrichten.de\/index.php?rest_route=%2Fwp%2Fv2%2Fmedia&parent=126790"}],"wp:term":[{"taxonomy":"category","embeddable":true,"href":"https:\/\/www.fuldaernachrichten.de\/index.php?rest_route=%2Fwp%2Fv2%2Fcategories&post=126790"},{"taxonomy":"post_tag","embeddable":true,"href":"https:\/\/www.fuldaernachrichten.de\/index.php?rest_route=%2Fwp%2Fv2%2Ftags&post=126790"}],"curies":[{"name":"wp","href":"https:\/\/api.w.org\/{rel}","templated":true}]}}