{"id":126786,"date":"2014-07-09T00:12:00","date_gmt":"2014-07-09T00:12:00","guid":{"rendered":"http:\/\/www.fuldaer-nachrichten.de\/?p=126786"},"modified":"2014-07-08T16:27:56","modified_gmt":"2014-07-08T16:27:56","slug":"letzter-altbuecherbasar-vor-den-ferien","status":"publish","type":"post","link":"https:\/\/www.fuldaernachrichten.de\/?p=126786","title":{"rendered":"Letzter Altb\u00fccherbasar vor den Ferien"},"content":{"rendered":"<p>K\u00fcnzell. Zum letzten Altb\u00fccherbasar vor den Ferien l\u00e4dt die Kinderhilfe Indien ein am Samstag, den\u00c2\u00a0 19. Juli ins Thomas-Morus-Haus nach K\u00fcnzell. Geboten wird eine Vielzahl gut erhaltener B\u00fccher jedweder Fachrichtung, darunter sch\u00f6ne B\u00fccher f\u00fcr den Urlaub. Zum Anlesen bietet die Schm\u00f6kerecke Kaffee und Kuchen.<br \/>\nDer Basar ist ge\u00f6ffnet von 14 bis 16 Uhr. Der Erl\u00f6s ist f\u00fcr die Kinderhilfe Indien der Jesuiten-Mission bestimmt. Zur Zeit kann das Team leider keine B\u00fccherspenden annehmen. B\u00fccher einfach irgendwo abzustellen gilt als \u00e4u\u00dferst unfein. Fragen beantwortet Marlene Diel unter Telefon 0661 \u2013 35191.<\/p>\n","protected":false},"excerpt":{"rendered":"<div class=\"tmnf_excerpt\"><p>K\u00fcnzell. Zum letzten Altb\u00fccherbasar vor den Ferien l\u00e4dt die Kinderhilfe Indien ein am Samstag, den\u00c2\u00a0 19. Juli ins Thomas-Morus-Haus nach K\u00fcnzell. Geboten wird eine Vielzahl gut erhaltener B\u00fccher jedweder Fachrichtung, darunter sch\u00f6ne B\u00fccher f\u00fcr den Urlaub. Zum Anlesen bietet die Schm\u00f6kerecke Kaffee und Kuchen. Der Basar ist ge\u00f6ffnet von 14 bis 16 Uhr. Der Erl\u00f6s &hellip;<\/p>\n<\/div>","protected":false},"author":1,"featured_media":0,"comment_status":"closed","ping_status":"closed","sticky":false,"template":"","format":"standard","meta":{"footnotes":""},"categories":[1,44],"tags":[],"class_list":["post-126786","post","type-post","status-publish","format-standard","hentry","category-startseite","category-kultur"],"_links":{"self":[{"href":"https:\/\/www.fuldaernachrichten.de\/index.php?rest_route=\/wp\/v2\/posts\/126786","targetHints":{"allow":["GET"]}}],"collection":[{"href":"https:\/\/www.fuldaernachrichten.de\/index.php?rest_route=\/wp\/v2\/posts"}],"about":[{"href":"https:\/\/www.fuldaernachrichten.de\/index.php?rest_route=\/wp\/v2\/types\/post"}],"author":[{"embeddable":true,"href":"https:\/\/www.fuldaernachrichten.de\/index.php?rest_route=\/wp\/v2\/users\/1"}],"replies":[{"embeddable":true,"href":"https:\/\/www.fuldaernachrichten.de\/index.php?rest_route=%2Fwp%2Fv2%2Fcomments&post=126786"}],"version-history":[{"count":1,"href":"https:\/\/www.fuldaernachrichten.de\/index.php?rest_route=\/wp\/v2\/posts\/126786\/revisions"}],"predecessor-version":[{"id":126787,"href":"https:\/\/www.fuldaernachrichten.de\/index.php?rest_route=\/wp\/v2\/posts\/126786\/revisions\/126787"}],"wp:attachment":[{"href":"https:\/\/www.fuldaernachrichten.de\/index.php?rest_route=%2Fwp%2Fv2%2Fmedia&parent=126786"}],"wp:term":[{"taxonomy":"category","embeddable":true,"href":"https:\/\/www.fuldaernachrichten.de\/index.php?rest_route=%2Fwp%2Fv2%2Fcategories&post=126786"},{"taxonomy":"post_tag","embeddable":true,"href":"https:\/\/www.fuldaernachrichten.de\/index.php?rest_route=%2Fwp%2Fv2%2Ftags&post=126786"}],"curies":[{"name":"wp","href":"https:\/\/api.w.org\/{rel}","templated":true}]}}