{"id":126779,"date":"2014-07-09T00:13:05","date_gmt":"2014-07-09T00:13:05","guid":{"rendered":"http:\/\/www.fuldaer-nachrichten.de\/?p=126779"},"modified":"2014-07-08T16:24:42","modified_gmt":"2014-07-08T16:24:42","slug":"darf-der-mensch-alles-was-er-kann-kkv-startet-aufsatzwettbewerb-mit-5-000-e-preisgeld","status":"publish","type":"post","link":"https:\/\/www.fuldaernachrichten.de\/?p=126779","title":{"rendered":"Darf der Mensch alles was er kann? \u2013 KKV startet Aufsatzwettbewerb mit 5.000 \u00e2\u201a\u00ac Preisgeld"},"content":{"rendered":"<p>Bonn. \u201eDarf der Mensch alles was er kann? &#8211; Bioethische Grenzen der Forschung.\u201c Unter diesem Motto startet der F\u00f6rdererkreis f\u00fcr Bildungsarbeit im Verband der Katholiken in Wirtschaft und Verwaltung e.V. (KKV) Anfang Juli einen Aufsatzwettbewerb f\u00fcr Sch\u00fcler an Oberstufen katholischer Gymnasien und anderen konfessionsgebundenen Schulen.<!--more--><\/p>\n<p>Der Wettbewerb, der unter der Schirmherrschaft von Alois Gl\u00fcck, dem Pr\u00e4sidenten des Zentralkomitees der deutschen Katholiken (ZdK), steht, soll junge Menschen motivieren, sich mit diesem wichtigen und aktuellen Thema auseinanderzusetzen; denn einerseits gibt es hohe Erwartungen an die Wissenschaft und Forschung, Fortschritte in der medizinischen Diagnose und Therapie sind erw\u00fcnscht; andererseits sind es Eingriffe ins Erbgut, k\u00fcnstliche Verl\u00e4ngerung des Lebens und Klone, die Angst machen, weil man nicht wei\u00df, wo die Entwicklung hingeht und welchen Preis wir daf\u00fcr zahlen m\u00fcssen. \u201eWir rufen deshalb Schulleiter und Lehrer auf, ihre Sch\u00fclerinnen und Sch\u00fcler f\u00fcr eine Teilnahme zu ermutigen\u201c, so der geb\u00fcrtige Fuldaer Bernd-M. Wehner, Bundesvorsitzender des KKV.<\/p>\n<p>Eine qualifizierte Jury, der unter anderem der gesundheitspolitische Sprecher der CDU\/CSU Fraktion, Jens Spahn, und der Moraltheologe Prof. Dr. Peter Schallenberg, Direktor der Katholischen Sozialwissenschaftlichen Zentralstelle in M\u00f6nchengladbach, angeh\u00f6ren, wird aus den eingereichten Arbeiten die Gewinner ermitteln und mit Preisgeldern von zusammen 5.000 \u00e2\u201a\u00ac\u00c2\u00a0 auszeichnen. Einsendeschluss ist der 15.12.2014.<\/p>\n<p>Die Ausschreibung und weitere Informationen finden Sie unter www.kkv-bund.de (Weiterbildung) oder sind in der Gesch\u00e4ftsstelle des KKV-Bundesverbandes erh\u00e4ltlich.<\/p>\n","protected":false},"excerpt":{"rendered":"<div class=\"tmnf_excerpt\"><p>Bonn. \u201eDarf der Mensch alles was er kann? &#8211; Bioethische Grenzen der Forschung.\u201c Unter diesem Motto startet der F\u00f6rdererkreis f\u00fcr Bildungsarbeit im Verband der Katholiken in Wirtschaft und Verwaltung e.V. (KKV) Anfang Juli einen Aufsatzwettbewerb f\u00fcr Sch\u00fcler an Oberstufen katholischer Gymnasien und anderen konfessionsgebundenen Schulen.<\/p>\n<\/div>","protected":false},"author":1,"featured_media":0,"comment_status":"closed","ping_status":"closed","sticky":false,"template":"","format":"standard","meta":{"footnotes":""},"categories":[1,50],"tags":[],"class_list":["post-126779","post","type-post","status-publish","format-standard","hentry","category-startseite","category-kirche"],"_links":{"self":[{"href":"https:\/\/www.fuldaernachrichten.de\/index.php?rest_route=\/wp\/v2\/posts\/126779","targetHints":{"allow":["GET"]}}],"collection":[{"href":"https:\/\/www.fuldaernachrichten.de\/index.php?rest_route=\/wp\/v2\/posts"}],"about":[{"href":"https:\/\/www.fuldaernachrichten.de\/index.php?rest_route=\/wp\/v2\/types\/post"}],"author":[{"embeddable":true,"href":"https:\/\/www.fuldaernachrichten.de\/index.php?rest_route=\/wp\/v2\/users\/1"}],"replies":[{"embeddable":true,"href":"https:\/\/www.fuldaernachrichten.de\/index.php?rest_route=%2Fwp%2Fv2%2Fcomments&post=126779"}],"version-history":[{"count":1,"href":"https:\/\/www.fuldaernachrichten.de\/index.php?rest_route=\/wp\/v2\/posts\/126779\/revisions"}],"predecessor-version":[{"id":126780,"href":"https:\/\/www.fuldaernachrichten.de\/index.php?rest_route=\/wp\/v2\/posts\/126779\/revisions\/126780"}],"wp:attachment":[{"href":"https:\/\/www.fuldaernachrichten.de\/index.php?rest_route=%2Fwp%2Fv2%2Fmedia&parent=126779"}],"wp:term":[{"taxonomy":"category","embeddable":true,"href":"https:\/\/www.fuldaernachrichten.de\/index.php?rest_route=%2Fwp%2Fv2%2Fcategories&post=126779"},{"taxonomy":"post_tag","embeddable":true,"href":"https:\/\/www.fuldaernachrichten.de\/index.php?rest_route=%2Fwp%2Fv2%2Ftags&post=126779"}],"curies":[{"name":"wp","href":"https:\/\/api.w.org\/{rel}","templated":true}]}}