{"id":126764,"date":"2014-07-09T00:10:35","date_gmt":"2014-07-09T00:10:35","guid":{"rendered":"http:\/\/www.fuldaer-nachrichten.de\/?p=126764"},"modified":"2014-07-08T16:16:07","modified_gmt":"2014-07-08T16:16:07","slug":"familienbuendnis-arbeitsgruppe-gesundheit-und-pflege-trifft-sich-in-lauterbach-2","status":"publish","type":"post","link":"https:\/\/www.fuldaernachrichten.de\/?p=126764","title":{"rendered":"Familienb\u00fcndnis: Arbeitsgruppe \u201eGesundheit und Pflege\u201c trifft sich in Lauterbach"},"content":{"rendered":"<p>Lauterbach. Am Dienstag, 15. Juli, treffen sich die Interessenten aus dem Arbeitsfeld \u201eGesundheit und Pflege\u201c um 16 Uhr im Sitzungssaal des Landratsamtes in Lauterbach. Die Sprecher der Gruppe, Heike Bohl und Hans-Dieter Herget, hoffen auf rege Beteiligung. Auf der Tagesordnung stehen Berichte aus der B\u00fcndnisarbeit, zum Thema Pflegefachkr\u00e4ftemangel, von der Fachstelle \u201eGesundheitliche Versorgung\u201c sowie \u00fcber den Demenzaktionstag in Herbstein. Informationen \u00fcber die Koordinierungsstelle des Familienb\u00fcndnisses in der Kreisverwaltung: Telefon 06641\/977-3404, sandra.obenhack@vogelsbergkreis.de<\/p>\n","protected":false},"excerpt":{"rendered":"<div class=\"tmnf_excerpt\"><p>Lauterbach. Am Dienstag, 15. Juli, treffen sich die Interessenten aus dem Arbeitsfeld \u201eGesundheit und Pflege\u201c um 16 Uhr im Sitzungssaal des Landratsamtes in Lauterbach. Die Sprecher der Gruppe, Heike Bohl und Hans-Dieter Herget, hoffen auf rege Beteiligung. Auf der Tagesordnung stehen Berichte aus der B\u00fcndnisarbeit, zum Thema Pflegefachkr\u00e4ftemangel, von der Fachstelle \u201eGesundheitliche Versorgung\u201c sowie \u00fcber &hellip;<\/p>\n<\/div>","protected":false},"author":1,"featured_media":0,"comment_status":"closed","ping_status":"closed","sticky":false,"template":"","format":"standard","meta":{"footnotes":""},"categories":[1,51],"tags":[],"class_list":["post-126764","post","type-post","status-publish","format-standard","hentry","category-startseite","category-medizin"],"_links":{"self":[{"href":"https:\/\/www.fuldaernachrichten.de\/index.php?rest_route=\/wp\/v2\/posts\/126764","targetHints":{"allow":["GET"]}}],"collection":[{"href":"https:\/\/www.fuldaernachrichten.de\/index.php?rest_route=\/wp\/v2\/posts"}],"about":[{"href":"https:\/\/www.fuldaernachrichten.de\/index.php?rest_route=\/wp\/v2\/types\/post"}],"author":[{"embeddable":true,"href":"https:\/\/www.fuldaernachrichten.de\/index.php?rest_route=\/wp\/v2\/users\/1"}],"replies":[{"embeddable":true,"href":"https:\/\/www.fuldaernachrichten.de\/index.php?rest_route=%2Fwp%2Fv2%2Fcomments&post=126764"}],"version-history":[{"count":1,"href":"https:\/\/www.fuldaernachrichten.de\/index.php?rest_route=\/wp\/v2\/posts\/126764\/revisions"}],"predecessor-version":[{"id":126765,"href":"https:\/\/www.fuldaernachrichten.de\/index.php?rest_route=\/wp\/v2\/posts\/126764\/revisions\/126765"}],"wp:attachment":[{"href":"https:\/\/www.fuldaernachrichten.de\/index.php?rest_route=%2Fwp%2Fv2%2Fmedia&parent=126764"}],"wp:term":[{"taxonomy":"category","embeddable":true,"href":"https:\/\/www.fuldaernachrichten.de\/index.php?rest_route=%2Fwp%2Fv2%2Fcategories&post=126764"},{"taxonomy":"post_tag","embeddable":true,"href":"https:\/\/www.fuldaernachrichten.de\/index.php?rest_route=%2Fwp%2Fv2%2Ftags&post=126764"}],"curies":[{"name":"wp","href":"https:\/\/api.w.org\/{rel}","templated":true}]}}