{"id":126754,"date":"2014-07-09T00:10:24","date_gmt":"2014-07-09T00:10:24","guid":{"rendered":"http:\/\/www.fuldaer-nachrichten.de\/?p=126754"},"modified":"2014-07-08T16:11:28","modified_gmt":"2014-07-08T16:11:28","slug":"awo-informationsveranstaltung-patientenverfuegungen","status":"publish","type":"post","link":"https:\/\/www.fuldaernachrichten.de\/?p=126754","title":{"rendered":"AWO Informationsveranstaltung \u00e2\u20ac\u0161Patientenverf\u00fcgungen\u00e2\u20ac\u2122"},"content":{"rendered":"<p>Fulda. Mit einer Patientenverf\u00fcgung k\u00f6nnen Sie rechtzeitig festlegen, welche medizinischen Behandlungen Sie m\u00f6chten bzw. nicht m\u00f6chten, wenn Sie ihren Willen nicht mehr wirksam \u00e4u\u00dfern k\u00f6nnen. Die Fachanw\u00e4ltin f\u00fcr Sozialrecht und Kreisvorsitzende der AWO, Miriam Sturm, erl\u00e4utert die Inhalte einer Patientenverf\u00fcgung und zeigt m\u00f6gliche Risiken und Konsequenzen auf. Die Veranstaltung findet am Mi. 23.07.2014 um 17:00 Uhr am Standort der AWO in der Frankfurter Stra\u00dfe 28 in Fulda statt. Anmeldungen und Erstinformationen beim AWO Betreuungsverein: Tel: 0661\/480045-32 oder E-Mail (verwaltungBV@awo-fulda.de)<\/p>\n","protected":false},"excerpt":{"rendered":"<div class=\"tmnf_excerpt\"><p>Fulda. Mit einer Patientenverf\u00fcgung k\u00f6nnen Sie rechtzeitig festlegen, welche medizinischen Behandlungen Sie m\u00f6chten bzw. nicht m\u00f6chten, wenn Sie ihren Willen nicht mehr wirksam \u00e4u\u00dfern k\u00f6nnen. Die Fachanw\u00e4ltin f\u00fcr Sozialrecht und Kreisvorsitzende der AWO, Miriam Sturm, erl\u00e4utert die Inhalte einer Patientenverf\u00fcgung und zeigt m\u00f6gliche Risiken und Konsequenzen auf. Die Veranstaltung findet am Mi. 23.07.2014 um 17:00 &hellip;<\/p>\n<\/div>","protected":false},"author":1,"featured_media":0,"comment_status":"closed","ping_status":"closed","sticky":false,"template":"","format":"standard","meta":{"footnotes":""},"categories":[1,51],"tags":[],"class_list":["post-126754","post","type-post","status-publish","format-standard","hentry","category-startseite","category-medizin"],"_links":{"self":[{"href":"https:\/\/www.fuldaernachrichten.de\/index.php?rest_route=\/wp\/v2\/posts\/126754","targetHints":{"allow":["GET"]}}],"collection":[{"href":"https:\/\/www.fuldaernachrichten.de\/index.php?rest_route=\/wp\/v2\/posts"}],"about":[{"href":"https:\/\/www.fuldaernachrichten.de\/index.php?rest_route=\/wp\/v2\/types\/post"}],"author":[{"embeddable":true,"href":"https:\/\/www.fuldaernachrichten.de\/index.php?rest_route=\/wp\/v2\/users\/1"}],"replies":[{"embeddable":true,"href":"https:\/\/www.fuldaernachrichten.de\/index.php?rest_route=%2Fwp%2Fv2%2Fcomments&post=126754"}],"version-history":[{"count":1,"href":"https:\/\/www.fuldaernachrichten.de\/index.php?rest_route=\/wp\/v2\/posts\/126754\/revisions"}],"predecessor-version":[{"id":126755,"href":"https:\/\/www.fuldaernachrichten.de\/index.php?rest_route=\/wp\/v2\/posts\/126754\/revisions\/126755"}],"wp:attachment":[{"href":"https:\/\/www.fuldaernachrichten.de\/index.php?rest_route=%2Fwp%2Fv2%2Fmedia&parent=126754"}],"wp:term":[{"taxonomy":"category","embeddable":true,"href":"https:\/\/www.fuldaernachrichten.de\/index.php?rest_route=%2Fwp%2Fv2%2Fcategories&post=126754"},{"taxonomy":"post_tag","embeddable":true,"href":"https:\/\/www.fuldaernachrichten.de\/index.php?rest_route=%2Fwp%2Fv2%2Ftags&post=126754"}],"curies":[{"name":"wp","href":"https:\/\/api.w.org\/{rel}","templated":true}]}}