{"id":126744,"date":"2014-07-09T00:13:22","date_gmt":"2014-07-09T00:13:22","guid":{"rendered":"http:\/\/www.fuldaer-nachrichten.de\/?p=126744"},"modified":"2014-07-08T16:08:55","modified_gmt":"2014-07-08T16:08:55","slug":"20-jahre-kinderhaus-st-luise-ein-besonderes-sommerfest","status":"publish","type":"post","link":"https:\/\/www.fuldaernachrichten.de\/?p=126744","title":{"rendered":"20 Jahre Kinderhaus St. Luise &#8211; ein besonderes Sommerfest"},"content":{"rendered":"<p><a href=\"http:\/\/www.fuldaer-nachrichten.de\/wp-content\/uploads\/2014\/07\/DSC01641.jpg\"><img decoding=\"async\" class=\"alignleft size-thumbnail wp-image-126746\" src=\"http:\/\/www.fuldaer-nachrichten.de\/wp-content\/uploads\/2014\/07\/DSC01641-265x176.jpg\" alt=\"_DSC0164\" width=\"265\" height=\"176\" srcset=\"https:\/\/www.fuldaernachrichten.de\/wp-content\/uploads\/2014\/07\/DSC01641-265x176.jpg 265w, https:\/\/www.fuldaernachrichten.de\/wp-content\/uploads\/2014\/07\/DSC01641.jpg 600w\" sizes=\"(max-width: 265px) 100vw, 265px\" \/><\/a> Fulda. Am Sonntag, den 06.07.2014 feierte das Kinderhaus nicht nur ein Sommerfest, sondern gleichzeitig das 20 J\u00e4hrige bestehen. Die Feierlichkeiten begannen mit einem gelungenen Familiengottesdienst mit Pfr. G\u00f6b in der Stadtpfarrkirche. Die Kinder f\u00fchrten ein Theaterst\u00fcck auf, gaben musikalische Beitr\u00e4ge und Herr G\u00f6b vertiefte dies in einer Predigt. Auch Sr. Maria Rosalia Bagus und B\u00fcrgermeister Herr Dag Wehner lie\u00dfen es sich nicht nehmen, ein paar Worte an die Besucher zu richten. Die Anwesenden staunten nicht schlecht, als \u00fcberraschenderweise Patricia Kelly von der Kelly Family erschien, und zwei Lieder zum Besten gab.<!--more--><\/p>\n<p>Im Anschlu\u00df fand auf dem Gel\u00e4nde des Kinderhauses ein buntes Programm mit Spielen, Attraktionen und Verpflegung statt. Als die Letzten gingen, war man sich einig: Ein rundum gelungenes Fest! (ska)<\/p>\n<p><a href=\"http:\/\/www.fuldaer-nachrichten.de\/wp-content\/uploads\/2014\/07\/Gottesdienst.jpg\"><img decoding=\"async\" class=\"alignleft size-thumbnail wp-image-126748\" src=\"http:\/\/www.fuldaer-nachrichten.de\/wp-content\/uploads\/2014\/07\/Gottesdienst-265x176.jpg\" alt=\"Gottesdienst\" width=\"265\" height=\"176\" srcset=\"https:\/\/www.fuldaernachrichten.de\/wp-content\/uploads\/2014\/07\/Gottesdienst-265x176.jpg 265w, https:\/\/www.fuldaernachrichten.de\/wp-content\/uploads\/2014\/07\/Gottesdienst.jpg 600w\" sizes=\"(max-width: 265px) 100vw, 265px\" \/><\/a> <a href=\"http:\/\/www.fuldaer-nachrichten.de\/wp-content\/uploads\/2014\/07\/DSC0149.jpg\"><img decoding=\"async\" class=\"alignleft size-thumbnail wp-image-126747\" src=\"http:\/\/www.fuldaer-nachrichten.de\/wp-content\/uploads\/2014\/07\/DSC0149-265x176.jpg\" alt=\"_DSC0149\" width=\"265\" height=\"176\" srcset=\"https:\/\/www.fuldaernachrichten.de\/wp-content\/uploads\/2014\/07\/DSC0149-265x176.jpg 265w, https:\/\/www.fuldaernachrichten.de\/wp-content\/uploads\/2014\/07\/DSC0149.jpg 600w\" sizes=\"(max-width: 265px) 100vw, 265px\" \/><\/a> <a href=\"http:\/\/www.fuldaer-nachrichten.de\/wp-content\/uploads\/2014\/07\/Luftballonstart.jpg\"><img loading=\"lazy\" decoding=\"async\" class=\"alignleft size-thumbnail wp-image-126749\" src=\"http:\/\/www.fuldaer-nachrichten.de\/wp-content\/uploads\/2014\/07\/Luftballonstart-265x176.jpg\" alt=\"Luftballonstart\" width=\"265\" height=\"176\" srcset=\"https:\/\/www.fuldaernachrichten.de\/wp-content\/uploads\/2014\/07\/Luftballonstart-265x176.jpg 265w, https:\/\/www.fuldaernachrichten.de\/wp-content\/uploads\/2014\/07\/Luftballonstart.jpg 600w\" sizes=\"(max-width: 265px) 100vw, 265px\" \/><\/a> <a href=\"http:\/\/www.fuldaer-nachrichten.de\/wp-content\/uploads\/2014\/07\/Patricia-Kelly.jpg\"><img loading=\"lazy\" decoding=\"async\" class=\"alignleft size-thumbnail wp-image-126750\" src=\"http:\/\/www.fuldaer-nachrichten.de\/wp-content\/uploads\/2014\/07\/Patricia-Kelly-265x176.jpg\" alt=\"Patricia Kelly\" width=\"265\" height=\"176\" srcset=\"https:\/\/www.fuldaernachrichten.de\/wp-content\/uploads\/2014\/07\/Patricia-Kelly-265x176.jpg 265w, https:\/\/www.fuldaernachrichten.de\/wp-content\/uploads\/2014\/07\/Patricia-Kelly.jpg 600w\" sizes=\"(max-width: 265px) 100vw, 265px\" \/><\/a><\/p>\n<p>&nbsp;<\/p>\n<p>&nbsp;<\/p>\n","protected":false},"excerpt":{"rendered":"<div class=\"tmnf_excerpt\"><p>Fulda. Am Sonntag, den 06.07.2014 feierte das Kinderhaus nicht nur ein Sommerfest, sondern gleichzeitig das 20 J\u00e4hrige bestehen. Die Feierlichkeiten begannen mit einem gelungenen Familiengottesdienst mit Pfr. G\u00f6b in der Stadtpfarrkirche. Die Kinder f\u00fchrten ein Theaterst\u00fcck auf, gaben musikalische Beitr\u00e4ge und Herr G\u00f6b vertiefte dies in einer Predigt. Auch Sr. Maria Rosalia Bagus und B\u00fcrgermeister &hellip;<\/p>\n<\/div>","protected":false},"author":1,"featured_media":0,"comment_status":"closed","ping_status":"closed","sticky":false,"template":"","format":"standard","meta":{"footnotes":""},"categories":[1],"tags":[],"class_list":["post-126744","post","type-post","status-publish","format-standard","hentry","category-startseite"],"_links":{"self":[{"href":"https:\/\/www.fuldaernachrichten.de\/index.php?rest_route=\/wp\/v2\/posts\/126744","targetHints":{"allow":["GET"]}}],"collection":[{"href":"https:\/\/www.fuldaernachrichten.de\/index.php?rest_route=\/wp\/v2\/posts"}],"about":[{"href":"https:\/\/www.fuldaernachrichten.de\/index.php?rest_route=\/wp\/v2\/types\/post"}],"author":[{"embeddable":true,"href":"https:\/\/www.fuldaernachrichten.de\/index.php?rest_route=\/wp\/v2\/users\/1"}],"replies":[{"embeddable":true,"href":"https:\/\/www.fuldaernachrichten.de\/index.php?rest_route=%2Fwp%2Fv2%2Fcomments&post=126744"}],"version-history":[{"count":1,"href":"https:\/\/www.fuldaernachrichten.de\/index.php?rest_route=\/wp\/v2\/posts\/126744\/revisions"}],"predecessor-version":[{"id":126751,"href":"https:\/\/www.fuldaernachrichten.de\/index.php?rest_route=\/wp\/v2\/posts\/126744\/revisions\/126751"}],"wp:attachment":[{"href":"https:\/\/www.fuldaernachrichten.de\/index.php?rest_route=%2Fwp%2Fv2%2Fmedia&parent=126744"}],"wp:term":[{"taxonomy":"category","embeddable":true,"href":"https:\/\/www.fuldaernachrichten.de\/index.php?rest_route=%2Fwp%2Fv2%2Fcategories&post=126744"},{"taxonomy":"post_tag","embeddable":true,"href":"https:\/\/www.fuldaernachrichten.de\/index.php?rest_route=%2Fwp%2Fv2%2Ftags&post=126744"}],"curies":[{"name":"wp","href":"https:\/\/api.w.org\/{rel}","templated":true}]}}