{"id":126740,"date":"2014-07-08T16:00:16","date_gmt":"2014-07-08T16:00:16","guid":{"rendered":"http:\/\/www.fuldaer-nachrichten.de\/?p=126740"},"modified":"2014-07-08T16:00:16","modified_gmt":"2014-07-08T16:00:16","slug":"harald-bruehl-feiert-40-jaehriges-dienstjubilaeum","status":"publish","type":"post","link":"https:\/\/www.fuldaernachrichten.de\/?p=126740","title":{"rendered":"Harald Br\u00fchl feiert 40-j\u00e4hriges Dienstjubil\u00e4um"},"content":{"rendered":"<p><a href=\"http:\/\/www.fuldaer-nachrichten.de\/wp-content\/uploads\/2014\/07\/Gruppenaufnahme-40-j\u00e4hriges-Dienstjubil\u00e4um-Harald-Br\u00fchl.jpg\"><img fetchpriority=\"high\" decoding=\"async\" class=\"alignleft size-thumbnail wp-image-126742\" src=\"http:\/\/www.fuldaer-nachrichten.de\/wp-content\/uploads\/2014\/07\/Gruppenaufnahme-40-j\u00e4hriges-Dienstjubil\u00e4um-Harald-Br\u00fchl-265x191.jpg\" alt=\"Gruppenaufnahme 40-j\u00e4hriges Dienstjubil\u00e4um Harald Br\u00fchl\" width=\"265\" height=\"191\" \/><\/a>Eichenzell. Anlass zu einer kleinen Feierstunde gab es am 1. Juli im Eichenzeller Schl\u00f6sschen. Der Leiter des Ordnungsamtes, Harald Br\u00fchl, kann auf eine 40-j\u00e4hrige Dienstzeit in der \u00f6ffentlichen Verwaltung zur\u00fcckblicken. B\u00fcrgermeister Dieter Kolb und der Leiter des Haupt- u. Personalamtes, Marco Schlender, gratulierten dem langj\u00e4hrigen Beamten im Beisein von Personalratsvorsitzenden Benjamin G\u00fcnder und den Kolleginnen und Kollegen vom B\u00fcrgerb\u00fcro zu diesem besonderen Jubil\u00e4um.<!--more--><\/p>\n<p>Harald Br\u00fchl wurde am 01.07.1974 als Zollanw\u00e4rter bei der Grenzaufsichtsstelle Seiferts, Zollkommissariat Tann eingestellt. Nach erfolgreichem Abschluss der Pr\u00fcfung f\u00fcr den mittleren Dienst der Bundeszollverwaltung wurde er vom 01.07.1975 bis 31.01.1983 im Grenzaufsichtsdienst eingesetzt. Am 01.02.1983 erfolgte die Abordnung nach Offenbach zur Bundesmonopolverwaltung f\u00fcr Branntwein.<\/p>\n<p>Zum 14.05.1992 wechselte Harald Br\u00fchl zum Ordnungsamt der Gemeindeverwaltung Eichenzell. Als Leiter des Ordnungsamtes geh\u00f6ren zu seinem Aufgabengebiet alle Angelegenheiten im Bereich Gewerbe, Stra\u00dfenverkehr, Gastst\u00e4tten, Immissionen, Emissionen, Waffen und Sprengstoff, Jugendschutz, Versammlungs- und Demonstrationsrecht, illegale Abfallbeseitigung, Fundsachen, Tierseuchen, Tierschutz und Obdachlosigkeit.<\/p>\n<p>Harald Br\u00fchl ist im B\u00fcrgerb\u00fcro des Eichenzeller Schl\u00f6sschens zu finden und auch stellvertretender Ansprechpartner in allen Meldeamts- und Passangelegenheiten.<\/p>\n<p>B\u00fcrgermeister Dieter Kolb bedankte sich bei Harald Br\u00fchl f\u00fcr sein langj\u00e4hriges Engagement, sein breitgef\u00e4chertes Fachwissen und seine hohe Zuverl\u00e4ssigkeit. Als Zeichen der Anerkennung \u00fcberreichte er eine Ehrenurkunde und ein Pr\u00e4sent.<\/p>\n","protected":false},"excerpt":{"rendered":"<div class=\"tmnf_excerpt\"><p>Eichenzell. Anlass zu einer kleinen Feierstunde gab es am 1. Juli im Eichenzeller Schl\u00f6sschen. Der Leiter des Ordnungsamtes, Harald Br\u00fchl, kann auf eine 40-j\u00e4hrige Dienstzeit in der \u00f6ffentlichen Verwaltung zur\u00fcckblicken. B\u00fcrgermeister Dieter Kolb und der Leiter des Haupt- u. Personalamtes, Marco Schlender, gratulierten dem langj\u00e4hrigen Beamten im Beisein von Personalratsvorsitzenden Benjamin G\u00fcnder und den Kolleginnen &hellip;<\/p>\n<\/div>","protected":false},"author":1,"featured_media":0,"comment_status":"closed","ping_status":"closed","sticky":false,"template":"","format":"standard","meta":{"footnotes":""},"categories":[1,29],"tags":[],"class_list":["post-126740","post","type-post","status-publish","format-standard","hentry","category-startseite","category-politik"],"_links":{"self":[{"href":"https:\/\/www.fuldaernachrichten.de\/index.php?rest_route=\/wp\/v2\/posts\/126740","targetHints":{"allow":["GET"]}}],"collection":[{"href":"https:\/\/www.fuldaernachrichten.de\/index.php?rest_route=\/wp\/v2\/posts"}],"about":[{"href":"https:\/\/www.fuldaernachrichten.de\/index.php?rest_route=\/wp\/v2\/types\/post"}],"author":[{"embeddable":true,"href":"https:\/\/www.fuldaernachrichten.de\/index.php?rest_route=\/wp\/v2\/users\/1"}],"replies":[{"embeddable":true,"href":"https:\/\/www.fuldaernachrichten.de\/index.php?rest_route=%2Fwp%2Fv2%2Fcomments&post=126740"}],"version-history":[{"count":1,"href":"https:\/\/www.fuldaernachrichten.de\/index.php?rest_route=\/wp\/v2\/posts\/126740\/revisions"}],"predecessor-version":[{"id":126743,"href":"https:\/\/www.fuldaernachrichten.de\/index.php?rest_route=\/wp\/v2\/posts\/126740\/revisions\/126743"}],"wp:attachment":[{"href":"https:\/\/www.fuldaernachrichten.de\/index.php?rest_route=%2Fwp%2Fv2%2Fmedia&parent=126740"}],"wp:term":[{"taxonomy":"category","embeddable":true,"href":"https:\/\/www.fuldaernachrichten.de\/index.php?rest_route=%2Fwp%2Fv2%2Fcategories&post=126740"},{"taxonomy":"post_tag","embeddable":true,"href":"https:\/\/www.fuldaernachrichten.de\/index.php?rest_route=%2Fwp%2Fv2%2Ftags&post=126740"}],"curies":[{"name":"wp","href":"https:\/\/api.w.org\/{rel}","templated":true}]}}