{"id":126728,"date":"2014-07-08T00:29:40","date_gmt":"2014-07-08T00:29:40","guid":{"rendered":"http:\/\/www.fuldaer-nachrichten.de\/?p=126728"},"modified":"2014-07-07T16:30:51","modified_gmt":"2014-07-07T16:30:51","slug":"was-sagt-uns-emil-carlebach-film-und-vortragsabend-in-fulda","status":"publish","type":"post","link":"https:\/\/www.fuldaernachrichten.de\/?p=126728","title":{"rendered":"Was sagt uns Emil Carlebach? Film- und Vortragsabend in Fulda"},"content":{"rendered":"<p><a href=\"http:\/\/www.fuldaer-nachrichten.de\/wp-content\/uploads\/2014\/07\/bild.jpg\"><img decoding=\"async\" class=\"alignleft size-thumbnail wp-image-126729\" src=\"http:\/\/www.fuldaer-nachrichten.de\/wp-content\/uploads\/2014\/07\/bild-265x181.jpg\" alt=\"bild\" width=\"265\" height=\"181\" srcset=\"https:\/\/www.fuldaernachrichten.de\/wp-content\/uploads\/2014\/07\/bild-265x181.jpg 265w, https:\/\/www.fuldaernachrichten.de\/wp-content\/uploads\/2014\/07\/bild.jpg 600w\" sizes=\"(max-width: 265px) 100vw, 265px\" \/><\/a>Fulda. Emil Carlebach war Frankfurter Jude, aktiv in der Arbeiterjugend, Antifaschist, H\u00e4ftling in den KZ Dachau und Buchenwald, Mitglied der illegalen H\u00e4ftlingsorganisation. Nach 1945 wirkte er f\u00fcr einen demokratischen Neubeginn in Hessen. Er war Lizenztr\u00e4ger der \u201eFrankfurter Rundschau\u201c, wurde im kalten Krieg als Kommunist verfolgt und wechselte in die DDR. Zur\u00fcckgekehrt in den 60er Jahren engagierte er sich als Zeitzeuge und Antifaschist gegen das historische Vergessen und gegen Alt- und Neonazis. Am 10. Juli 2014 w\u00e4re sein 100. Geburtstag. Aus diesem Anlass laden der Deutsche Gewerkschaftsbund Kreisverband Fulda und die Vereinigung der Verfolgten des Naziregimes \u2013 Bund der Antifaschisten zu einer filmischen Matinee-Veranstaltung ins Kino 35 in der Langebr\u00fcckenstra\u00dfe 14 ein.<!--more--><br \/>\nEingeladen ist f\u00fcr Donnerstag, den 17. Juli 2014 f\u00fcr 19 Uhr. Dr. Ulrich Schneider, Historiker, Publizist, Bundessprecher der VVN-BdA und langj\u00e4hriger Wegbegleiter von Emil Carlebach wird an diesem Abend Gespr\u00e4chspartner sein. Es werden Interview-Sequenzen mit Carlebach eingespielt und besteht im Anschluss Gelegenheit zu fragen und Diskussion. Unterst\u00fctzt wird die Veranstaltung von Arbeit und Leben Fulda.<\/p>\n","protected":false},"excerpt":{"rendered":"<div class=\"tmnf_excerpt\"><p>Fulda. Emil Carlebach war Frankfurter Jude, aktiv in der Arbeiterjugend, Antifaschist, H\u00e4ftling in den KZ Dachau und Buchenwald, Mitglied der illegalen H\u00e4ftlingsorganisation. Nach 1945 wirkte er f\u00fcr einen demokratischen Neubeginn in Hessen. Er war Lizenztr\u00e4ger der \u201eFrankfurter Rundschau\u201c, wurde im kalten Krieg als Kommunist verfolgt und wechselte in die DDR. Zur\u00fcckgekehrt in den 60er Jahren &hellip;<\/p>\n<\/div>","protected":false},"author":1,"featured_media":0,"comment_status":"closed","ping_status":"closed","sticky":false,"template":"","format":"standard","meta":{"footnotes":""},"categories":[1,29],"tags":[],"class_list":["post-126728","post","type-post","status-publish","format-standard","hentry","category-startseite","category-politik"],"_links":{"self":[{"href":"https:\/\/www.fuldaernachrichten.de\/index.php?rest_route=\/wp\/v2\/posts\/126728","targetHints":{"allow":["GET"]}}],"collection":[{"href":"https:\/\/www.fuldaernachrichten.de\/index.php?rest_route=\/wp\/v2\/posts"}],"about":[{"href":"https:\/\/www.fuldaernachrichten.de\/index.php?rest_route=\/wp\/v2\/types\/post"}],"author":[{"embeddable":true,"href":"https:\/\/www.fuldaernachrichten.de\/index.php?rest_route=\/wp\/v2\/users\/1"}],"replies":[{"embeddable":true,"href":"https:\/\/www.fuldaernachrichten.de\/index.php?rest_route=%2Fwp%2Fv2%2Fcomments&post=126728"}],"version-history":[{"count":1,"href":"https:\/\/www.fuldaernachrichten.de\/index.php?rest_route=\/wp\/v2\/posts\/126728\/revisions"}],"predecessor-version":[{"id":126730,"href":"https:\/\/www.fuldaernachrichten.de\/index.php?rest_route=\/wp\/v2\/posts\/126728\/revisions\/126730"}],"wp:attachment":[{"href":"https:\/\/www.fuldaernachrichten.de\/index.php?rest_route=%2Fwp%2Fv2%2Fmedia&parent=126728"}],"wp:term":[{"taxonomy":"category","embeddable":true,"href":"https:\/\/www.fuldaernachrichten.de\/index.php?rest_route=%2Fwp%2Fv2%2Fcategories&post=126728"},{"taxonomy":"post_tag","embeddable":true,"href":"https:\/\/www.fuldaernachrichten.de\/index.php?rest_route=%2Fwp%2Fv2%2Ftags&post=126728"}],"curies":[{"name":"wp","href":"https:\/\/api.w.org\/{rel}","templated":true}]}}