{"id":126724,"date":"2014-07-08T00:13:46","date_gmt":"2014-07-08T00:13:46","guid":{"rendered":"http:\/\/www.fuldaer-nachrichten.de\/?p=126724"},"modified":"2014-07-07T16:28:38","modified_gmt":"2014-07-07T16:28:38","slug":"verkaufsstart-fuer-neuen-rhoener-gradierbrand","status":"publish","type":"post","link":"https:\/\/www.fuldaernachrichten.de\/?p=126724","title":{"rendered":"Verkaufsstart f\u00fcr neuen Rh\u00f6ner Gradierbrand"},"content":{"rendered":"<p>Bad K\u00f6nigshofen. Im Rahmen des diesj\u00e4hrigen B\u00fcrgerfestes der Stadt Bad K\u00f6nigshofen, das vom 11. bis 14. Juli unter dem Motto \u201e40 Jahre Heilbad Bad K\u00f6nigshofen\u201c steht, wird die Dachmarke Rh\u00f6n ihren neuen Rh\u00f6ner Gradierbrand pr\u00e4sentieren. Er reifte in der salzhaltigen Luft des Bad K\u00f6nigshofener Gradierpavillons heran und wurde vom Fr\u00e4nkischen Obst- und Kleinbrennerverband mit einer Goldmedaille ausgezeichnet.<!--more--><\/p>\n<p>Im Anschluss an den Festumzug am Samstag, 12. Juli, der um 16 Uhr beginnt, wird die stellvertretende Gesch\u00e4ftsf\u00fchrerin der Dachmarke Rh\u00f6n, Hannelore Rundell, in Anwesenheit des Landrats des Landkreises Rh\u00f6n-Grabfeld Thomas Habermann und der beiden B\u00fcrgermeister Thomas Helbling (Bad K\u00f6nigshofen) und Wolfgang Back (Bad Bocklet) an der Trink- und Wandelhalle den Startschuss f\u00fcr den Verkauf des neuen Gradierbrandes geben.<\/p>\n<p>Auch dieser Rh\u00f6ner Gradierbrand ist nur in einer limitierten Auflage erh\u00e4ltlich, gilt als absolute Rh\u00f6ner Spezialit\u00e4t und ist handwerklich nach alter Tradition hergestellt.<\/p>\n<p>&nbsp;<\/p>\n","protected":false},"excerpt":{"rendered":"<div class=\"tmnf_excerpt\"><p>Bad K\u00f6nigshofen. Im Rahmen des diesj\u00e4hrigen B\u00fcrgerfestes der Stadt Bad K\u00f6nigshofen, das vom 11. bis 14. Juli unter dem Motto \u201e40 Jahre Heilbad Bad K\u00f6nigshofen\u201c steht, wird die Dachmarke Rh\u00f6n ihren neuen Rh\u00f6ner Gradierbrand pr\u00e4sentieren. Er reifte in der salzhaltigen Luft des Bad K\u00f6nigshofener Gradierpavillons heran und wurde vom Fr\u00e4nkischen Obst- und Kleinbrennerverband mit einer &hellip;<\/p>\n<\/div>","protected":false},"author":1,"featured_media":0,"comment_status":"closed","ping_status":"closed","sticky":false,"template":"","format":"standard","meta":{"footnotes":""},"categories":[1,37],"tags":[],"class_list":["post-126724","post","type-post","status-publish","format-standard","hentry","category-startseite","category-essen-und-trinken"],"_links":{"self":[{"href":"https:\/\/www.fuldaernachrichten.de\/index.php?rest_route=\/wp\/v2\/posts\/126724","targetHints":{"allow":["GET"]}}],"collection":[{"href":"https:\/\/www.fuldaernachrichten.de\/index.php?rest_route=\/wp\/v2\/posts"}],"about":[{"href":"https:\/\/www.fuldaernachrichten.de\/index.php?rest_route=\/wp\/v2\/types\/post"}],"author":[{"embeddable":true,"href":"https:\/\/www.fuldaernachrichten.de\/index.php?rest_route=\/wp\/v2\/users\/1"}],"replies":[{"embeddable":true,"href":"https:\/\/www.fuldaernachrichten.de\/index.php?rest_route=%2Fwp%2Fv2%2Fcomments&post=126724"}],"version-history":[{"count":1,"href":"https:\/\/www.fuldaernachrichten.de\/index.php?rest_route=\/wp\/v2\/posts\/126724\/revisions"}],"predecessor-version":[{"id":126725,"href":"https:\/\/www.fuldaernachrichten.de\/index.php?rest_route=\/wp\/v2\/posts\/126724\/revisions\/126725"}],"wp:attachment":[{"href":"https:\/\/www.fuldaernachrichten.de\/index.php?rest_route=%2Fwp%2Fv2%2Fmedia&parent=126724"}],"wp:term":[{"taxonomy":"category","embeddable":true,"href":"https:\/\/www.fuldaernachrichten.de\/index.php?rest_route=%2Fwp%2Fv2%2Fcategories&post=126724"},{"taxonomy":"post_tag","embeddable":true,"href":"https:\/\/www.fuldaernachrichten.de\/index.php?rest_route=%2Fwp%2Fv2%2Ftags&post=126724"}],"curies":[{"name":"wp","href":"https:\/\/api.w.org\/{rel}","templated":true}]}}