{"id":126718,"date":"2014-07-08T00:18:45","date_gmt":"2014-07-08T00:18:45","guid":{"rendered":"http:\/\/www.fuldaer-nachrichten.de\/?p=126718"},"modified":"2014-07-07T16:27:02","modified_gmt":"2014-07-07T16:27:02","slug":"unternehmer-der-region-sind-mit-ihren-bni-erfolgen-zufrieden","status":"publish","type":"post","link":"https:\/\/www.fuldaernachrichten.de\/?p=126718","title":{"rendered":"Unternehmer der Region sind mit ihren BNI-Erfolgen zufrieden"},"content":{"rendered":"<div id=\"attachment_126720\" style=\"width: 275px\" class=\"wp-caption alignleft\"><a href=\"http:\/\/www.fuldaer-nachrichten.de\/wp-content\/uploads\/2014\/07\/BNI-Preisverleihung-2014_1.jpg\"><img decoding=\"async\" aria-describedby=\"caption-attachment-126720\" class=\"size-thumbnail wp-image-126720\" src=\"http:\/\/www.fuldaer-nachrichten.de\/wp-content\/uploads\/2014\/07\/BNI-Preisverleihung-2014_1-265x176.jpg\" alt=\"Petra W\u00fcrfel, Elmar Ulrich, BNI-Gr\u00fcnder Dr. Ivan Misner, Beth Misner, Heike Kunte-Link und Bernd M\u00f6ller bei der Auszeichnung im Rahmen der D-A-CH Konferenz in D\u00fcsseldorf. (Foto: BNI-Mitte)\" width=\"265\" height=\"176\" srcset=\"https:\/\/www.fuldaernachrichten.de\/wp-content\/uploads\/2014\/07\/BNI-Preisverleihung-2014_1-265x176.jpg 265w, https:\/\/www.fuldaernachrichten.de\/wp-content\/uploads\/2014\/07\/BNI-Preisverleihung-2014_1.jpg 600w\" sizes=\"(max-width: 265px) 100vw, 265px\" \/><\/a><p id=\"caption-attachment-126720\" class=\"wp-caption-text\">Petra W\u00fcrfel, Elmar Ulrich, BNI-Gr\u00fcnder Dr. Ivan Misner, Beth Misner, Heike Kunte-Link und Bernd M\u00f6ller bei der Auszeichnung im Rahmen der D-A-CH Konferenz in D\u00fcsseldorf. (Foto: BNI-Mitte)<\/p><\/div>\n<p>Fulda. Rund 300 Handwerker, Unternehmer und Selbstst\u00e4ndige in dieser Region sind in 13 lokalen Gruppen zusammengeschlossen und treffen sich einmal in der Woche zum Empfehlungsaustausch. In Fulda trifft sich die Gruppe \u201eSturmius\u201c am Mittwoch und die Gruppe \u201eBonifatius\u201c am Freitag zum Unternehmerfr\u00fchst\u00fcck. Die Idee der Treffen ist simpel und praktikabel: Gute, verbindliche Unternehmer die sich pers\u00f6nlich kennen, empfehlen sich gegenseitig gerne weiter! Und die Pl\u00e4tze in den Unternehmerteams sind begehrt: Innerhalb der letzten zw\u00f6lf Monate haben sich die BNI-Unternehmer in Fulda gegenseitig zu Mehrumsatz von \u00fcber 2,4 Millionen EUR verholfen. Im Durchschnitt hat ein Platz in einem BNI-Unternehmerteam einen Wert von 52.000 EUR.<!--more--><\/p>\n<p>\u201eDieses Ergebnis spricht f\u00fcr die hohe Qualit\u00e4t der Dienstleistungen und den Erfolg f\u00fcr jeden Einzelnen in den Unternehmerteams\u201c sagt Bernd M\u00f6ller, Direktor der Region Mitte in Hessen. F\u00fcr diese Erfolge wurden die Unternehmerteams der Region Fulda\/Giessen\/Frankfurt bei der sechsten Auflage der BNI D-A-CH-Konferenz in D\u00fcsseldorf auch ausgezeichnet. Mit dabei waren 200 Mitglieder aus Deutschland, \u00d6sterreich, der Schweiz, Polen, Belgien, den Niederlanden und den USA.<\/p>\n<p>Das weltweit erfolgreichste Unternehmernetzwerk f\u00fcr den Austausch von Gesch\u00e4ftsempfehlungen funktioniert nach dem Motto \u201eWer gibt, gewinnt!\u201c. Die provisionsfrei zusammenarbeitenden Unternehmer bauen ihren Gesch\u00e4ftserfolg auf gegenseitiges Engagement, pers\u00f6nliche Kontakte und konkrete Erfolgskontrolle auf. Die Empfehlungen und das wirtschaftliche Ergebnis daraus werden in den Teams zusammengetragen und \u2013 gleich den Betriebskennzahlen von Unternehmen \u2013 in der Runde bekannt gegeben. Exklusivit\u00e4t der Branchenvertreter ist eine weitere Besonderheit der erfolgreichen Treffen, damit sich jedes Mitglied aller Empfehlungen f\u00fcr seine Berufssparte sicher sein kann. Interessierte Unternehmer f\u00fcr die wenigen freien Branchen bei den Teams ihrer Region k\u00f6nnen sich als Besucher \u00fcber die Internetseite <a href=\"http:\/\/www.bni-mitte.com\/\">www.bni-mitte.com<\/a> oder per Telefon unter 0661-928 100 anmelden.<\/p>\n<p><strong>\u00dcber BNI:<\/strong><\/p>\n<p>BNI\u00c2\u00ae wurde 1985 von Unternehmensberater Dr. Ivan Misner in Arcadia (USA) gegr\u00fcndet und ist heute mit \u00fcber 8.500 Unternehmerteams in 55 L\u00e4ndern auf allen 5 Kontinenten pr\u00e4sent. Das erkl\u00e4rte Ziel: Mehr Umsatz durch neue Kontakte und Gesch\u00e4ftsempfehlungen. Zu den wesentlichen Merkmalen der bew\u00e4hrten Plattform z\u00e4hlen: Orientierung an messbaren Ergebnissen, Exklusivit\u00e4t der regional vertretenen Berufssparten, Provisionsfreiheit sowie die j\u00e4hrliche Qualifizierung \u00fcber Aktivit\u00e4t und Leistung. BNI ist ein absolut neutrales und unabh\u00e4ngiges Unternehmernetzwerk.<\/p>\n","protected":false},"excerpt":{"rendered":"<div class=\"tmnf_excerpt\"><p>Fulda. Rund 300 Handwerker, Unternehmer und Selbstst\u00e4ndige in dieser Region sind in 13 lokalen Gruppen zusammengeschlossen und treffen sich einmal in der Woche zum Empfehlungsaustausch. In Fulda trifft sich die Gruppe \u201eSturmius\u201c am Mittwoch und die Gruppe \u201eBonifatius\u201c am Freitag zum Unternehmerfr\u00fchst\u00fcck. Die Idee der Treffen ist simpel und praktikabel: Gute, verbindliche Unternehmer die sich &hellip;<\/p>\n<\/div>","protected":false},"author":1,"featured_media":0,"comment_status":"closed","ping_status":"closed","sticky":false,"template":"","format":"standard","meta":{"footnotes":""},"categories":[1,29],"tags":[],"class_list":["post-126718","post","type-post","status-publish","format-standard","hentry","category-startseite","category-politik"],"_links":{"self":[{"href":"https:\/\/www.fuldaernachrichten.de\/index.php?rest_route=\/wp\/v2\/posts\/126718","targetHints":{"allow":["GET"]}}],"collection":[{"href":"https:\/\/www.fuldaernachrichten.de\/index.php?rest_route=\/wp\/v2\/posts"}],"about":[{"href":"https:\/\/www.fuldaernachrichten.de\/index.php?rest_route=\/wp\/v2\/types\/post"}],"author":[{"embeddable":true,"href":"https:\/\/www.fuldaernachrichten.de\/index.php?rest_route=\/wp\/v2\/users\/1"}],"replies":[{"embeddable":true,"href":"https:\/\/www.fuldaernachrichten.de\/index.php?rest_route=%2Fwp%2Fv2%2Fcomments&post=126718"}],"version-history":[{"count":1,"href":"https:\/\/www.fuldaernachrichten.de\/index.php?rest_route=\/wp\/v2\/posts\/126718\/revisions"}],"predecessor-version":[{"id":126721,"href":"https:\/\/www.fuldaernachrichten.de\/index.php?rest_route=\/wp\/v2\/posts\/126718\/revisions\/126721"}],"wp:attachment":[{"href":"https:\/\/www.fuldaernachrichten.de\/index.php?rest_route=%2Fwp%2Fv2%2Fmedia&parent=126718"}],"wp:term":[{"taxonomy":"category","embeddable":true,"href":"https:\/\/www.fuldaernachrichten.de\/index.php?rest_route=%2Fwp%2Fv2%2Fcategories&post=126718"},{"taxonomy":"post_tag","embeddable":true,"href":"https:\/\/www.fuldaernachrichten.de\/index.php?rest_route=%2Fwp%2Fv2%2Ftags&post=126718"}],"curies":[{"name":"wp","href":"https:\/\/api.w.org\/{rel}","templated":true}]}}