{"id":126715,"date":"2014-07-08T00:15:33","date_gmt":"2014-07-08T00:15:33","guid":{"rendered":"http:\/\/www.fuldaer-nachrichten.de\/?p=126715"},"modified":"2014-07-07T16:25:34","modified_gmt":"2014-07-07T16:25:34","slug":"gemeinschaftsprojekt-der-tegut-lernenden-und-der-bewohner-der-lebensgemeinschaft-sassen-richthof-endet-mit-einem-grossen-fest","status":"publish","type":"post","link":"https:\/\/www.fuldaernachrichten.de\/?p=126715","title":{"rendered":"Gemeinschaftsprojekt der tegut\u00e2\u20ac\u00a6 Lernenden und der Bewohner der Lebensgemeinschaft Sassen\/ Richthof endet mit einem gro\u00dfen Fest"},"content":{"rendered":"<p><a href=\"http:\/\/www.fuldaer-nachrichten.de\/wp-content\/uploads\/2014\/07\/tegut\u00e2\u20ac\u00a6-Br\u00fccken-bauen.jpg\"><img decoding=\"async\" class=\"alignleft size-thumbnail wp-image-126716\" src=\"http:\/\/www.fuldaer-nachrichten.de\/wp-content\/uploads\/2014\/07\/tegut\u00e2\u20ac\u00a6-Br\u00fccken-bauen-265x176.jpg\" alt=\"tegut\u00e2\u20ac\u00a6 Br\u00fccken bauen\" width=\"265\" height=\"176\" \/><\/a>Sassen. \u201eWir sind uns sehr ans Herz gewachsen\u201c, so der Tenor der Lernenden des 2. Lehrjahres von tegut\u00e2\u20ac\u00a6 und der Bewohner der Lebensgemeinschaft Sassen\/ Richthof. Acht Monate haben sechs Projektpaare zusammen gestaltend gewirkt. Die Projektgruppen setzten sich je aus einem Lernenden und einem Bewohner zusammen. Am 04. Juli gab es nun das gro\u00dfe Abschlussfest in der tegut\u00e2\u20ac\u00a6 Zentrale. Zusammen wurde auf die gemeinsame Zeit geschaut. <!--more--><\/p>\n<p>Der Besuch der gegenseitigen Weihnachtsveranstaltungen, das Kennenlernen der jeweiligen Arbeits-und Lebenswelten \u00fcber mehrere Tage, aber auch die Erkundung der tegut\u00e2\u20ac\u00a6 Logistik und die kulinarische Reise waren H\u00f6hepunkte. \u201eIch war von der ersten Begegnung an beeindruckt, von seiner Herzlichkeit und seiner Liebensw\u00fcrdigkeit\u201c, berichtet Constanze Bischof, tegut\u00e2\u20ac\u00a6 Lernende. Sie habe ihren Projektpartner Dirk T\u00fcnte sehr ins Herz geschlossen. Dabei h\u00e4tten die Unterschiede zwischen beiden kaum gr\u00f6\u00dfer sein k\u00f6nnen. Dirk T\u00fcnte ist 49 Jahre alt und wohnt seit vielen Jahren in der Lebensgemeinschaft Sassen\/Richthof, wo Menschen mit und ohne Beeintr\u00e4chtigung im Familienverbund leben. Initiatoren dieses ganz au\u00dfergew\u00f6hnlichen Projektes waren<\/p>\n<p>Daria A. L\u00f6wenguth-Wachter und Norbert L\u00f6wenguth, die als Hausverantwortliche am Richthof t\u00e4tig sind. Sie haben die einzelnen Module didaktisch und p\u00e4dagogisch vorbereitet und durchgef\u00fchrt. In all diesen Bereichen hatten sie Unterst\u00fctzung seitens tegut\u00e2\u20ac\u00a6 durch den Ausbildungsreferenten Bernhard Vey: \u201eWir freuen uns, dass wir es geschafft haben, Br\u00fccken zu bauen\u201c. \u201eDas Selbstbewusstsein aller entwickelte sich durch Grenzerfahrungen und das Heraustreten aus seiner Komfortzone\u201c, so Norbert L\u00f6wenguth.<\/p>\n<p>\u201eWir wollen die jungen Menschen in der Ausbildung ganzheitlich f\u00f6rdern. Mit Kopf, Herz und Hand. Dies bedeutet die Weiterentwicklung der Fach-, Selbst-, aber auch Sozialkompetenz\u201c, verdeutlicht Vey. \u201eImmer wieder waren Geduld, Verst\u00e4ndnis und Empathie gefragt. Nur mit gegenseitiger Unterst\u00fctzung kann man Vertrauens- und Freundschaftsbr\u00fccken aufbauen\u201c, erg\u00e4nzt Daria A. L\u00f6wenguth-Wachter. \u201eGanz intensiv haben wir dies bei den Erlebnisp\u00e4dagogiktagen in der Fr\u00e4nkischen Schweiz erlebt. Unsere Klettertour, das Paddeln, die H\u00f6hle und vor allem die Nachtwanderung haben zusammengeschwei\u00dft\u201c l\u00e4sst uns Jessica Krieglstein, Lernende bei tegut\u00e2\u20ac\u00a6 stolz wissen. Und wie es weitergeht, das wollen die Projektgruppen nun ausloten. \u201eWir \u00fcberlegen nun nach Abschluss des Projektes, wie die Zukunft aussehen kann\u201c, verr\u00e4t Bernhard Vey abschlie\u00dfend.<\/p>\n","protected":false},"excerpt":{"rendered":"<div class=\"tmnf_excerpt\"><p>Sassen. \u201eWir sind uns sehr ans Herz gewachsen\u201c, so der Tenor der Lernenden des 2. Lehrjahres von tegut\u00e2\u20ac\u00a6 und der Bewohner der Lebensgemeinschaft Sassen\/ Richthof. Acht Monate haben sechs Projektpaare zusammen gestaltend gewirkt. Die Projektgruppen setzten sich je aus einem Lernenden und einem Bewohner zusammen. Am 04. Juli gab es nun das gro\u00dfe Abschlussfest in &hellip;<\/p>\n<\/div>","protected":false},"author":1,"featured_media":0,"comment_status":"closed","ping_status":"closed","sticky":false,"template":"","format":"standard","meta":{"footnotes":""},"categories":[1,29],"tags":[],"class_list":["post-126715","post","type-post","status-publish","format-standard","hentry","category-startseite","category-politik"],"_links":{"self":[{"href":"https:\/\/www.fuldaernachrichten.de\/index.php?rest_route=\/wp\/v2\/posts\/126715","targetHints":{"allow":["GET"]}}],"collection":[{"href":"https:\/\/www.fuldaernachrichten.de\/index.php?rest_route=\/wp\/v2\/posts"}],"about":[{"href":"https:\/\/www.fuldaernachrichten.de\/index.php?rest_route=\/wp\/v2\/types\/post"}],"author":[{"embeddable":true,"href":"https:\/\/www.fuldaernachrichten.de\/index.php?rest_route=\/wp\/v2\/users\/1"}],"replies":[{"embeddable":true,"href":"https:\/\/www.fuldaernachrichten.de\/index.php?rest_route=%2Fwp%2Fv2%2Fcomments&post=126715"}],"version-history":[{"count":1,"href":"https:\/\/www.fuldaernachrichten.de\/index.php?rest_route=\/wp\/v2\/posts\/126715\/revisions"}],"predecessor-version":[{"id":126717,"href":"https:\/\/www.fuldaernachrichten.de\/index.php?rest_route=\/wp\/v2\/posts\/126715\/revisions\/126717"}],"wp:attachment":[{"href":"https:\/\/www.fuldaernachrichten.de\/index.php?rest_route=%2Fwp%2Fv2%2Fmedia&parent=126715"}],"wp:term":[{"taxonomy":"category","embeddable":true,"href":"https:\/\/www.fuldaernachrichten.de\/index.php?rest_route=%2Fwp%2Fv2%2Fcategories&post=126715"},{"taxonomy":"post_tag","embeddable":true,"href":"https:\/\/www.fuldaernachrichten.de\/index.php?rest_route=%2Fwp%2Fv2%2Ftags&post=126715"}],"curies":[{"name":"wp","href":"https:\/\/api.w.org\/{rel}","templated":true}]}}