{"id":126709,"date":"2014-07-08T00:09:50","date_gmt":"2014-07-08T00:09:50","guid":{"rendered":"http:\/\/www.fuldaer-nachrichten.de\/?p=126709"},"modified":"2014-07-07T16:22:34","modified_gmt":"2014-07-07T16:22:34","slug":"zehn-jahre-wandern-und-pilgern-auf-den-spuren-von-bonifatius","status":"publish","type":"post","link":"https:\/\/www.fuldaernachrichten.de\/?p=126709","title":{"rendered":"Zehn Jahre wandern und pilgern auf den Spuren von Bonifatius"},"content":{"rendered":"<div id=\"attachment_126711\" style=\"width: 570px\" class=\"wp-caption alignnone\"><a href=\"http:\/\/www.fuldaer-nachrichten.de\/wp-content\/uploads\/2014\/07\/316-Zehn-Jahre-Bonifatius-Route.jpg\"><img fetchpriority=\"high\" decoding=\"async\" aria-describedby=\"caption-attachment-126711\" class=\"size-full wp-image-126711\" src=\"http:\/\/www.fuldaer-nachrichten.de\/wp-content\/uploads\/2014\/07\/316-Zehn-Jahre-Bonifatius-Route.jpg\" alt=\"Die Propstei Blankenau ist Schauplatz einer Festveranstaltung am 18. Juli. Hier startet am kommenden Mittwoch auch wieder die Wallfahrt zum Grab des Heiligen Bonifatius im Fuldaer Dom.      Foto:  Plappert\" width=\"560\" height=\"347\" \/><\/a><p id=\"caption-attachment-126711\" class=\"wp-caption-text\">Die Propstei Blankenau ist Schauplatz einer Festveranstaltung am 18. Juli. Hier startet am kommenden Mittwoch auch wieder die Wallfahrt zum Grab des Heiligen Bonifatius im Fuldaer Dom. Foto: Plappert<\/p><\/div>\n<p>Von alters her sch\u00f6pfen Menschen beim Wandern und Pilgern neue Lebenskraft. Auch in der heutigen, oft hektischen Welt gibt es ein weit verbreitetes Bed\u00fcrfnis nach Stille, Spiritualit\u00e4t, Abstand vom Alltag und Naturerlebnissen.<!--more--><\/p>\n<p>Vor diesem Hintergrund ist die Idee entstanden, einen Wander- und Pilgerweg auf der Strecke zu schaffen, die einst der Leichnam des Missionars und Kirchenreformers Bonifatius von Mainz zu seiner letzten Ruhest\u00e4tte nach in Fulda genommen hatte. Im Jahr 2004 wurde die rund 180 Kilometer lange Route er\u00f6ffnet, 1250 Jahre nach jenem historischen Trauerzug. Sie wird seither von vielen Wanderern und Pilgern begangen, die dem schwarzen Pilgerstab auf rot-wei\u00dfem Quadrat folgen.<\/p>\n<p>Die Bonifatius-Route z\u00e4hlt mittlerweile zu den beliebtesten modernen Pilgerstrecken in Deutschland. Abwechslungsreiche Kulturlandschaften am Main, in der Wetterau, im Vogelsberg und im Fuldaer Land, historische Ortskerne, sehenswerte Kirchenbauten und dazu die bewegende Geschichte des Apostels der Deutschen, der im Jahr 754 auf einer Missionsreise nach Friesland erschlagen wurde, machen die Wander- und Pilgerroute zwischen den Bischofsst\u00e4dten Mainz und Fulda so interessant.<\/p>\n<p>Aus Anlass des Jubil\u00e4umsjahres, das am 20. Mai in Hochheim er\u00f6ffnet wurde, werden entlang der Bonifatius-Route den gesamten Sommer \u00fcber Veranstaltungen angeboten, vom Bonifatiusfest am Pfingstmontag in Fulda bis zum Abschluss des \u00d6konomischen Pilgersommers beim Elisabethfest am 28. September in Marburg. Dazwischen gibt es Themen-Wanderungen, Informationsveranstaltungen, Konzerte und Lesungen, Kabarett sowie den Festakt mit Konzert am 12. September in Fulda.<\/p>\n<p>Literatur und Musik bilden den Rahmen einer Abendveranstaltung am Freitag, 18. Juli, ab 20.30 Uhr in der Propstei Blankenau. Weihbischof Professor Dr. Karlheinz Diez, Erster Kreisbeigeordneter Dr. Heiko Wingenfeld, B\u00fcrgermeister Peter Malolepszy, Schwester Dominika und Pfarrer Kurt Racky lesen aus Romanen und Berichten, die sich mit dem Pilgern befassen. Das Bonifatius-Ensemble aus Li\u00dfberg wird die Veranstaltung musikalisch umrahmen, deren Erl\u00f6s f\u00fcr die Alte Schule bestimmt ist.<\/p>\n<p>Bereits am kommenden Mittwoch, 9. Juli, findet zum 15. Mal der traditionelle Pilgertag auf der Bonifatius-Route von Blankenau nach Fulda statt. Die Teilnehmer treffen sich um 8.30 Uhr an der Propstei und laufen nach dem Pilgersegen \u00fcber Hainzell nach Kleinheiligkreuz, wo um 11 Uhr ein Wallfahrtamt gehalten wird. Gegen 13 Uhr geht es \u00fcber die Schnepfenkapelle, Malkes und den Schulzenberg zum Grab des Heiligen Bonifatius im Dom mit Andacht und Auflegung der Reliquie.<\/p>\n<p>Im Anschluss an den Festakt zum zehnj\u00e4hrigen Bestehen der Bonifatius-Route am Freitag, 12. September, um 18.45 in der Theologischen Fakult\u00e4t gestalten der Fuldaer Domchor, der Jugendkathedralchor sowie Domorganist Hans-J\u00fcrgen-Kaiser ein Konzert, in dessen Mittelpunkt Werke von Felix Mendelsohn-Bartholdy, Johannes Sebastian Bach und Charles Marie Widor stehen. Das Konzert bildet gleichzeitig den Abschluss des zum 15. Mal veranstalteten Kultursommers Main-Kinzig-Fulda.<\/p>\n","protected":false},"excerpt":{"rendered":"<div class=\"tmnf_excerpt\"><p>Von alters her sch\u00f6pfen Menschen beim Wandern und Pilgern neue Lebenskraft. Auch in der heutigen, oft hektischen Welt gibt es ein weit verbreitetes Bed\u00fcrfnis nach Stille, Spiritualit\u00e4t, Abstand vom Alltag und Naturerlebnissen.<\/p>\n<\/div>","protected":false},"author":1,"featured_media":0,"comment_status":"closed","ping_status":"closed","sticky":false,"template":"","format":"standard","meta":{"footnotes":""},"categories":[1,78,52],"tags":[],"class_list":["post-126709","post","type-post","status-publish","format-standard","hentry","category-startseite","category-topthema","category-umwelt"],"_links":{"self":[{"href":"https:\/\/www.fuldaernachrichten.de\/index.php?rest_route=\/wp\/v2\/posts\/126709","targetHints":{"allow":["GET"]}}],"collection":[{"href":"https:\/\/www.fuldaernachrichten.de\/index.php?rest_route=\/wp\/v2\/posts"}],"about":[{"href":"https:\/\/www.fuldaernachrichten.de\/index.php?rest_route=\/wp\/v2\/types\/post"}],"author":[{"embeddable":true,"href":"https:\/\/www.fuldaernachrichten.de\/index.php?rest_route=\/wp\/v2\/users\/1"}],"replies":[{"embeddable":true,"href":"https:\/\/www.fuldaernachrichten.de\/index.php?rest_route=%2Fwp%2Fv2%2Fcomments&post=126709"}],"version-history":[{"count":1,"href":"https:\/\/www.fuldaernachrichten.de\/index.php?rest_route=\/wp\/v2\/posts\/126709\/revisions"}],"predecessor-version":[{"id":126712,"href":"https:\/\/www.fuldaernachrichten.de\/index.php?rest_route=\/wp\/v2\/posts\/126709\/revisions\/126712"}],"wp:attachment":[{"href":"https:\/\/www.fuldaernachrichten.de\/index.php?rest_route=%2Fwp%2Fv2%2Fmedia&parent=126709"}],"wp:term":[{"taxonomy":"category","embeddable":true,"href":"https:\/\/www.fuldaernachrichten.de\/index.php?rest_route=%2Fwp%2Fv2%2Fcategories&post=126709"},{"taxonomy":"post_tag","embeddable":true,"href":"https:\/\/www.fuldaernachrichten.de\/index.php?rest_route=%2Fwp%2Fv2%2Ftags&post=126709"}],"curies":[{"name":"wp","href":"https:\/\/api.w.org\/{rel}","templated":true}]}}